{"id":45202,"date":"2025-12-02T10:02:53","date_gmt":"2025-12-02T13:02:53","guid":{"rendered":"https:\/\/radiostudiow.com.br\/site\/?p=45202"},"modified":"2025-12-02T10:02:53","modified_gmt":"2025-12-02T13:02:53","slug":"policia-militar-prende-casal-por-trafico-de-drogas-em-general-carneiro","status":"publish","type":"post","link":"https:\/\/radiostudiow.com.br\/site\/2025\/12\/02\/policia-militar-prende-casal-por-trafico-de-drogas-em-general-carneiro\/","title":{"rendered":"Pol\u00edcia Militar prende casal por tr\u00e1fico de drogas em General Carneiro"},"content":{"rendered":"\n<figure class=\"wp-block-image size-full\"><img loading=\"lazy\" decoding=\"async\" width=\"897\" height=\"204\" src=\"https:\/\/radiostudiow.com.br\/site\/wp-content\/uploads\/2025\/03\/BARAO-NOVO-NOTICIAS-1.jpg\" alt=\"\" class=\"wp-image-35084\" srcset=\"https:\/\/radiostudiow.com.br\/site\/wp-content\/uploads\/2025\/03\/BARAO-NOVO-NOTICIAS-1.jpg 897w, https:\/\/radiostudiow.com.br\/site\/wp-content\/uploads\/2025\/03\/BARAO-NOVO-NOTICIAS-1-300x68.jpg 300w, https:\/\/radiostudiow.com.br\/site\/wp-content\/uploads\/2025\/03\/BARAO-NOVO-NOTICIAS-1-768x175.jpg 768w\" sizes=\"auto, (max-width: 897px) 100vw, 897px\" \/><\/figure>\n\n\n\n<p>A equipe da Pol\u00edcia Militar estava em patrulhamento pelo bairro S\u00e3o Jo\u00e3o em General Carneiro quando visualizou um indiv\u00edduo em atitude suspeita por volta das 16 horas dessa segunda-feira (01\u00b0). A a\u00e7\u00e3o come\u00e7ou com a abordagem a um usu\u00e1rio de drogas, que levou os policiais a uma resid\u00eancia suspeita de ser ponto de venda.<\/p>\n\n\n\n<p>A equipe RPA (R\u00e1dio Patrulha Auto) estava em patrulhamento quando visualizou um indiv\u00edduo em atitude suspeita saindo de uma casa que j\u00e1 era alvo de den\u00fancias de tr\u00e1fico de drogas. A equipe realizou a abordagem, encontrando uma por\u00e7\u00e3o de entorpecente com o homem.<\/p>\n\n\n\n<p>Em seguida, os policiais deslocaram-se at\u00e9 a resid\u00eancia. No local, um casal foi abordado. Com o homem, foi encontrada uma por\u00e7\u00e3o de aproximadamente\u00a020 gramas de subst\u00e2ncia an\u00e1loga \u00e0 maconha.<\/p>\n\n\n\n<figure class=\"wp-block-image size-full\"><img loading=\"lazy\" decoding=\"async\" width=\"598\" height=\"204\" src=\"https:\/\/radiostudiow.com.br\/site\/wp-content\/uploads\/2025\/05\/POLAK.png\" alt=\"\" class=\"wp-image-37847\" srcset=\"https:\/\/radiostudiow.com.br\/site\/wp-content\/uploads\/2025\/05\/POLAK.png 598w, https:\/\/radiostudiow.com.br\/site\/wp-content\/uploads\/2025\/05\/POLAK-300x102.png 300w\" sizes=\"auto, (max-width: 598px) 100vw, 598px\" \/><\/figure>\n\n\n\n<p>Durante buscas na resid\u00eancia, a equipe localizou mais por\u00e7\u00f5es de maconha,\u00a0quatro pedras de subst\u00e2ncia an\u00e1loga ao crack\u00a0e uma certa quantia em dinheiro, configurando o com\u00e9rcio ilegal.<\/p>\n\n\n\n<p>Diante dos fatos, foi dada voz de pris\u00e3o ao casal, que foi encaminhado junto com o material apreendido \u00e0 autoridade policial da Pol\u00edcia Judici\u00e1ria para as devidas provid\u00eancias. O usu\u00e1rio de drogas tamb\u00e9m foi conduzido para prestar esclarecimentos.<a href=\"mailto:?subject=PM%20prende%20casal%20por%20tr%C3%A1fico%20de%20drogas%20ap%C3%B3s%20abordagem&amp;body=https:\/\/www.vvale.com.br\/seguranca\/pm-prende-casal-por-trafico-de-drogas-apos-abordagem\/\" target=\"_blank\" rel=\"noreferrer noopener\"><\/a><\/p>\n","protected":false},"excerpt":{"rendered":"<p>A equipe da Pol\u00edcia Militar estava em patrulhamento pelo bairro S\u00e3o Jo\u00e3o em General Carneiro quando visualizou um indiv\u00edduo em atitude suspeita por volta das 16 horas dessa segunda-feira (01\u00b0). A a\u00e7\u00e3o come\u00e7ou com a abordagem a um usu\u00e1rio de drogas, que levou os policiais a uma resid\u00eancia suspeita de ser ponto de venda. A [&hellip;]<\/p>\n","protected":false},"author":2,"featured_media":45204,"comment_status":"open","ping_status":"open","sticky":false,"template":"","format":"standard","meta":{"footnotes":""},"categories":[2],"tags":[172],"class_list":["post-45202","post","type-post","status-publish","format-standard","has-post-thumbnail","hentry","category-policial","tag-featured"],"amp_enabled":true,"_links":{"self":[{"href":"https:\/\/radiostudiow.com.br\/site\/wp-json\/wp\/v2\/posts\/45202","targetHints":{"allow":["GET"]}}],"collection":[{"href":"https:\/\/radiostudiow.com.br\/site\/wp-json\/wp\/v2\/posts"}],"about":[{"href":"https:\/\/radiostudiow.com.br\/site\/wp-json\/wp\/v2\/types\/post"}],"author":[{"embeddable":true,"href":"https:\/\/radiostudiow.com.br\/site\/wp-json\/wp\/v2\/users\/2"}],"replies":[{"embeddable":true,"href":"https:\/\/radiostudiow.com.br\/site\/wp-json\/wp\/v2\/comments?post=45202"}],"version-history":[{"count":1,"href":"https:\/\/radiostudiow.com.br\/site\/wp-json\/wp\/v2\/posts\/45202\/revisions"}],"predecessor-version":[{"id":45205,"href":"https:\/\/radiostudiow.com.br\/site\/wp-json\/wp\/v2\/posts\/45202\/revisions\/45205"}],"wp:featuredmedia":[{"embeddable":true,"href":"https:\/\/radiostudiow.com.br\/site\/wp-json\/wp\/v2\/media\/45204"}],"wp:attachment":[{"href":"https:\/\/radiostudiow.com.br\/site\/wp-json\/wp\/v2\/media?parent=45202"}],"wp:term":[{"taxonomy":"category","embeddable":true,"href":"https:\/\/radiostudiow.com.br\/site\/wp-json\/wp\/v2\/categories?post=45202"},{"taxonomy":"post_tag","embeddable":true,"href":"https:\/\/radiostudiow.com.br\/site\/wp-json\/wp\/v2\/tags?post=45202"}],"curies":[{"name":"wp","href":"https:\/\/api.w.org\/{rel}","templated":true}]}}