{"id":45206,"date":"2025-12-02T11:24:08","date_gmt":"2025-12-02T14:24:08","guid":{"rendered":"https:\/\/radiostudiow.com.br\/site\/?p=45206"},"modified":"2025-12-02T11:33:18","modified_gmt":"2025-12-02T14:33:18","slug":"policia-militar-prende-homem-por-porte-ilegal-de-arma-de-fogo-em-general-carneiro-2","status":"publish","type":"post","link":"https:\/\/radiostudiow.com.br\/site\/2025\/12\/02\/policia-militar-prende-homem-por-porte-ilegal-de-arma-de-fogo-em-general-carneiro-2\/","title":{"rendered":"Pol\u00edcia Militar prende homem por porte ilegal de arma de fogo em General Carneiro"},"content":{"rendered":"\n<figure class=\"wp-block-image size-full\"><img loading=\"lazy\" decoding=\"async\" width=\"598\" height=\"204\" src=\"https:\/\/radiostudiow.com.br\/site\/wp-content\/uploads\/2025\/04\/BOROX.png\" alt=\"\" class=\"wp-image-37229\" srcset=\"https:\/\/radiostudiow.com.br\/site\/wp-content\/uploads\/2025\/04\/BOROX.png 598w, https:\/\/radiostudiow.com.br\/site\/wp-content\/uploads\/2025\/04\/BOROX-300x102.png 300w\" sizes=\"auto, (max-width: 598px) 100vw, 598px\" \/><\/figure>\n\n\n\n<p>A equipe ROTAM por meio da Pol\u00edcia Militar de General Carneiro tomou conhecimento atrav\u00e9s da ag\u00eancia local de intelig\u00eancia, a respeito de uma den\u00fancia an\u00f4nima via 181 com o seguinte relato: ocorr\u00eancia de porte\/posse irregular de armas de fogo.<\/p>\n\n\n\n<p>A a\u00e7\u00e3o ocorreu no bairro Planalto, por volta das 22h18min dessa segunda-feira (01\u00b0).<\/p>\n\n\n\n<figure class=\"wp-block-image size-full\"><img loading=\"lazy\" decoding=\"async\" width=\"300\" height=\"180\" src=\"https:\/\/radiostudiow.com.br\/site\/wp-content\/uploads\/2025\/04\/AGRODU.png\" alt=\"\" class=\"wp-image-37219\"\/><\/figure>\n\n\n\n<p>Diante da situa\u00e7\u00e3o, a equipe foi at\u00e9 o local da den\u00fancia, onde o homem confessou ter um rev\u00f3lver sem a devida documenta\u00e7\u00e3o. Localizado e apreendido uma arma de fogo, revolver marca Rossi,<br>com 06 muni\u00e7\u00f5es.<\/p>\n\n\n\n<p>Diante da situa\u00e7\u00e3o foi dado voz de pris\u00e3o ao masculino e encaminhado na 4\u00aa SDP para aprecia\u00e7\u00e3o da autoridade policial.<\/p>\n","protected":false},"excerpt":{"rendered":"<p>A equipe ROTAM por meio da Pol\u00edcia Militar de General Carneiro tomou conhecimento atrav\u00e9s da ag\u00eancia local de intelig\u00eancia, a respeito de uma den\u00fancia an\u00f4nima via 181 com o seguinte relato: ocorr\u00eancia de porte\/posse irregular de armas de fogo. A a\u00e7\u00e3o ocorreu no bairro Planalto, por volta das 22h18min dessa segunda-feira (01\u00b0). Diante da situa\u00e7\u00e3o, [&hellip;]<\/p>\n","protected":false},"author":2,"featured_media":45207,"comment_status":"open","ping_status":"open","sticky":false,"template":"","format":"standard","meta":{"footnotes":""},"categories":[2],"tags":[172],"class_list":["post-45206","post","type-post","status-publish","format-standard","has-post-thumbnail","hentry","category-policial","tag-featured"],"amp_enabled":true,"_links":{"self":[{"href":"https:\/\/radiostudiow.com.br\/site\/wp-json\/wp\/v2\/posts\/45206","targetHints":{"allow":["GET"]}}],"collection":[{"href":"https:\/\/radiostudiow.com.br\/site\/wp-json\/wp\/v2\/posts"}],"about":[{"href":"https:\/\/radiostudiow.com.br\/site\/wp-json\/wp\/v2\/types\/post"}],"author":[{"embeddable":true,"href":"https:\/\/radiostudiow.com.br\/site\/wp-json\/wp\/v2\/users\/2"}],"replies":[{"embeddable":true,"href":"https:\/\/radiostudiow.com.br\/site\/wp-json\/wp\/v2\/comments?post=45206"}],"version-history":[{"count":2,"href":"https:\/\/radiostudiow.com.br\/site\/wp-json\/wp\/v2\/posts\/45206\/revisions"}],"predecessor-version":[{"id":45211,"href":"https:\/\/radiostudiow.com.br\/site\/wp-json\/wp\/v2\/posts\/45206\/revisions\/45211"}],"wp:featuredmedia":[{"embeddable":true,"href":"https:\/\/radiostudiow.com.br\/site\/wp-json\/wp\/v2\/media\/45207"}],"wp:attachment":[{"href":"https:\/\/radiostudiow.com.br\/site\/wp-json\/wp\/v2\/media?parent=45206"}],"wp:term":[{"taxonomy":"category","embeddable":true,"href":"https:\/\/radiostudiow.com.br\/site\/wp-json\/wp\/v2\/categories?post=45206"},{"taxonomy":"post_tag","embeddable":true,"href":"https:\/\/radiostudiow.com.br\/site\/wp-json\/wp\/v2\/tags?post=45206"}],"curies":[{"name":"wp","href":"https:\/\/api.w.org\/{rel}","templated":true}]}}