{"id":45212,"date":"2025-12-02T11:38:46","date_gmt":"2025-12-02T14:38:46","guid":{"rendered":"https:\/\/radiostudiow.com.br\/site\/?p=45212"},"modified":"2025-12-02T11:38:46","modified_gmt":"2025-12-02T14:38:46","slug":"policia-militar-de-uniao-da-vitoria-cumpre-mandado-de-prisao-5","status":"publish","type":"post","link":"https:\/\/radiostudiow.com.br\/site\/2025\/12\/02\/policia-militar-de-uniao-da-vitoria-cumpre-mandado-de-prisao-5\/","title":{"rendered":"Pol\u00edcia Militar de Uni\u00e3o da Vit\u00f3ria cumpre mandado de pris\u00e3o"},"content":{"rendered":"\n<figure class=\"wp-block-image size-full\"><img loading=\"lazy\" decoding=\"async\" width=\"897\" height=\"204\" src=\"https:\/\/radiostudiow.com.br\/site\/wp-content\/uploads\/2025\/02\/SITE-GRANDE7.png\" alt=\"\" class=\"wp-image-33861\" srcset=\"https:\/\/radiostudiow.com.br\/site\/wp-content\/uploads\/2025\/02\/SITE-GRANDE7.png 897w, https:\/\/radiostudiow.com.br\/site\/wp-content\/uploads\/2025\/02\/SITE-GRANDE7-300x68.png 300w, https:\/\/radiostudiow.com.br\/site\/wp-content\/uploads\/2025\/02\/SITE-GRANDE7-768x175.png 768w\" sizes=\"auto, (max-width: 897px) 100vw, 897px\" \/><\/figure>\n\n\n\n<p>A equipe da Pol\u00edcia Militar de Uni\u00e3o da Vit\u00f3ria estava em patrulhamento quando visualizou um homem sobre o qual \u00e9 de conhecimento por possuir um mandado de pris\u00e3o em seu desfavor.<\/p>\n\n\n\n<p>A situa\u00e7\u00e3o foi registada no distrito de S\u00e3o Crist\u00f3v\u00e3o por volta das 02h41min dessa ter\u00e7a-feira (02).<\/p>\n\n\n\n<figure class=\"wp-block-image size-full\"><img loading=\"lazy\" decoding=\"async\" width=\"300\" height=\"180\" src=\"https:\/\/radiostudiow.com.br\/site\/wp-content\/uploads\/2025\/08\/LILO.png\" alt=\"\" class=\"wp-image-41962\"\/><\/figure>\n\n\n\n<p>Abordado para averigua\u00e7\u00e3o, sendo identificado e confirmado o mandado de pris\u00e3o pelo artigo 157<br>(roubo), com validade at\u00e9 dia 13\/03\/2037.<\/p>\n\n\n\n<p>Diante dos fatos foi dada voz de pris\u00e3o ao autor e encaminhando para a sede do DEPEN de Uni\u00e3o da Vit\u00f3ria para provid\u00eancias do sistema penal.<\/p>\n","protected":false},"excerpt":{"rendered":"<p>A equipe da Pol\u00edcia Militar de Uni\u00e3o da Vit\u00f3ria estava em patrulhamento quando visualizou um homem sobre o qual \u00e9 de conhecimento por possuir um mandado de pris\u00e3o em seu desfavor. A situa\u00e7\u00e3o foi registada no distrito de S\u00e3o Crist\u00f3v\u00e3o por volta das 02h41min dessa ter\u00e7a-feira (02). Abordado para averigua\u00e7\u00e3o, sendo identificado e confirmado o [&hellip;]<\/p>\n","protected":false},"author":2,"featured_media":38326,"comment_status":"open","ping_status":"open","sticky":false,"template":"","format":"standard","meta":{"footnotes":""},"categories":[2],"tags":[172],"class_list":["post-45212","post","type-post","status-publish","format-standard","has-post-thumbnail","hentry","category-policial","tag-featured"],"amp_enabled":true,"_links":{"self":[{"href":"https:\/\/radiostudiow.com.br\/site\/wp-json\/wp\/v2\/posts\/45212","targetHints":{"allow":["GET"]}}],"collection":[{"href":"https:\/\/radiostudiow.com.br\/site\/wp-json\/wp\/v2\/posts"}],"about":[{"href":"https:\/\/radiostudiow.com.br\/site\/wp-json\/wp\/v2\/types\/post"}],"author":[{"embeddable":true,"href":"https:\/\/radiostudiow.com.br\/site\/wp-json\/wp\/v2\/users\/2"}],"replies":[{"embeddable":true,"href":"https:\/\/radiostudiow.com.br\/site\/wp-json\/wp\/v2\/comments?post=45212"}],"version-history":[{"count":3,"href":"https:\/\/radiostudiow.com.br\/site\/wp-json\/wp\/v2\/posts\/45212\/revisions"}],"predecessor-version":[{"id":45215,"href":"https:\/\/radiostudiow.com.br\/site\/wp-json\/wp\/v2\/posts\/45212\/revisions\/45215"}],"wp:featuredmedia":[{"embeddable":true,"href":"https:\/\/radiostudiow.com.br\/site\/wp-json\/wp\/v2\/media\/38326"}],"wp:attachment":[{"href":"https:\/\/radiostudiow.com.br\/site\/wp-json\/wp\/v2\/media?parent=45212"}],"wp:term":[{"taxonomy":"category","embeddable":true,"href":"https:\/\/radiostudiow.com.br\/site\/wp-json\/wp\/v2\/categories?post=45212"},{"taxonomy":"post_tag","embeddable":true,"href":"https:\/\/radiostudiow.com.br\/site\/wp-json\/wp\/v2\/tags?post=45212"}],"curies":[{"name":"wp","href":"https:\/\/api.w.org\/{rel}","templated":true}]}}