{"id":45219,"date":"2025-12-03T09:29:14","date_gmt":"2025-12-03T12:29:14","guid":{"rendered":"https:\/\/radiostudiow.com.br\/site\/?p=45219"},"modified":"2025-12-03T09:29:14","modified_gmt":"2025-12-03T12:29:14","slug":"jovem-de-23-anos-perdeu-a-vida-apos-acidente-em-porto-uniao","status":"publish","type":"post","link":"https:\/\/radiostudiow.com.br\/site\/2025\/12\/03\/jovem-de-23-anos-perdeu-a-vida-apos-acidente-em-porto-uniao\/","title":{"rendered":"Jovem de 23 anos perdeu a vida ap\u00f3s acidente em Porto Uni\u00e3o"},"content":{"rendered":"\n<figure class=\"wp-block-image size-full\"><img loading=\"lazy\" decoding=\"async\" width=\"897\" height=\"204\" src=\"https:\/\/radiostudiow.com.br\/site\/wp-content\/uploads\/2025\/03\/image-62.png\" alt=\"\" class=\"wp-image-35859\" srcset=\"https:\/\/radiostudiow.com.br\/site\/wp-content\/uploads\/2025\/03\/image-62.png 897w, https:\/\/radiostudiow.com.br\/site\/wp-content\/uploads\/2025\/03\/image-62-300x68.png 300w, https:\/\/radiostudiow.com.br\/site\/wp-content\/uploads\/2025\/03\/image-62-768x175.png 768w\" sizes=\"auto, (max-width: 897px) 100vw, 897px\" \/><\/figure>\n\n\n\n<p>Uma jovem de 23 anos morreu ap\u00f3s um grave acidente registrado no final da tarde desta ter\u00e7a-feira, 2, por volta das 17h10, no bairro S\u00e3o Pedro, em Porto Uni\u00e3o.<\/p>\n\n\n\n<p>Thais Ferreira,\u00a0moradora do bairro Vice King e servidora da Secretaria Municipal de Sa\u00fade de Porto Uni\u00e3o, conduzia uma motoneta Honda Biz 125 amarela quando se envolveu em uma colis\u00e3o com uma caminhonete GM S10 no cruzamento das ruas Wenceslau Braz e Bar\u00e3o do Rio Branco.<\/p>\n\n\n\n<figure class=\"wp-block-image size-full\"><img decoding=\"async\" src=\"https:\/\/radiostudiow.com.br\/site\/wp-content\/uploads\/2025\/10\/SUPREMA-BARBA.png\" alt=\"\" class=\"wp-image-44123\"\/><\/figure>\n\n\n\n<p>Equipes de resgate foram acionadas rapidamente,\u00a0mas Thais n\u00e3o resistiu aos ferimentos e morreu ainda no local.\u00a0O Instituto Geral de Per\u00edcias (IGP) realizou o recolhimento do corpo.<\/p>\n\n\n\n<p>Thais havia completado 23 anos na \u00faltima quarta-feira, 26 de novembro.<\/p>\n\n\n\n<figure class=\"wp-block-image size-full\"><img loading=\"lazy\" decoding=\"async\" width=\"500\" height=\"375\" src=\"https:\/\/radiostudiow.com.br\/site\/wp-content\/uploads\/2025\/12\/03.jpeg\" alt=\"\" class=\"wp-image-45221\" srcset=\"https:\/\/radiostudiow.com.br\/site\/wp-content\/uploads\/2025\/12\/03.jpeg 500w, https:\/\/radiostudiow.com.br\/site\/wp-content\/uploads\/2025\/12\/03-300x225.jpeg 300w\" sizes=\"auto, (max-width: 500px) 100vw, 500px\" \/><\/figure>\n","protected":false},"excerpt":{"rendered":"<p>Uma jovem de 23 anos morreu ap\u00f3s um grave acidente registrado no final da tarde desta ter\u00e7a-feira, 2, por volta das 17h10, no bairro S\u00e3o Pedro, em Porto Uni\u00e3o. Thais Ferreira,\u00a0moradora do bairro Vice King e servidora da Secretaria Municipal de Sa\u00fade de Porto Uni\u00e3o, conduzia uma motoneta Honda Biz 125 amarela quando se envolveu [&hellip;]<\/p>\n","protected":false},"author":2,"featured_media":45220,"comment_status":"open","ping_status":"open","sticky":false,"template":"","format":"standard","meta":{"footnotes":""},"categories":[185],"tags":[172],"class_list":["post-45219","post","type-post","status-publish","format-standard","has-post-thumbnail","hentry","category-regional","tag-featured"],"amp_enabled":true,"_links":{"self":[{"href":"https:\/\/radiostudiow.com.br\/site\/wp-json\/wp\/v2\/posts\/45219","targetHints":{"allow":["GET"]}}],"collection":[{"href":"https:\/\/radiostudiow.com.br\/site\/wp-json\/wp\/v2\/posts"}],"about":[{"href":"https:\/\/radiostudiow.com.br\/site\/wp-json\/wp\/v2\/types\/post"}],"author":[{"embeddable":true,"href":"https:\/\/radiostudiow.com.br\/site\/wp-json\/wp\/v2\/users\/2"}],"replies":[{"embeddable":true,"href":"https:\/\/radiostudiow.com.br\/site\/wp-json\/wp\/v2\/comments?post=45219"}],"version-history":[{"count":1,"href":"https:\/\/radiostudiow.com.br\/site\/wp-json\/wp\/v2\/posts\/45219\/revisions"}],"predecessor-version":[{"id":45222,"href":"https:\/\/radiostudiow.com.br\/site\/wp-json\/wp\/v2\/posts\/45219\/revisions\/45222"}],"wp:featuredmedia":[{"embeddable":true,"href":"https:\/\/radiostudiow.com.br\/site\/wp-json\/wp\/v2\/media\/45220"}],"wp:attachment":[{"href":"https:\/\/radiostudiow.com.br\/site\/wp-json\/wp\/v2\/media?parent=45219"}],"wp:term":[{"taxonomy":"category","embeddable":true,"href":"https:\/\/radiostudiow.com.br\/site\/wp-json\/wp\/v2\/categories?post=45219"},{"taxonomy":"post_tag","embeddable":true,"href":"https:\/\/radiostudiow.com.br\/site\/wp-json\/wp\/v2\/tags?post=45219"}],"curies":[{"name":"wp","href":"https:\/\/api.w.org\/{rel}","templated":true}]}}