{"id":45223,"date":"2025-12-03T09:58:13","date_gmt":"2025-12-03T12:58:13","guid":{"rendered":"https:\/\/radiostudiow.com.br\/site\/?p=45223"},"modified":"2025-12-03T10:07:02","modified_gmt":"2025-12-03T13:07:02","slug":"policia-militar-cumpre-mandado-e-apreende-arma-de-fogo-em-general-carneiro","status":"publish","type":"post","link":"https:\/\/radiostudiow.com.br\/site\/2025\/12\/03\/policia-militar-cumpre-mandado-e-apreende-arma-de-fogo-em-general-carneiro\/","title":{"rendered":"Pol\u00edcia Militar cumpre mandado e apreende arma de fogo em General Carneiro"},"content":{"rendered":"\n<figure class=\"wp-block-image size-full\"><img loading=\"lazy\" decoding=\"async\" width=\"897\" height=\"204\" src=\"https:\/\/radiostudiow.com.br\/site\/wp-content\/uploads\/2025\/03\/BARAO-NOVO-NOTICIAS-1.jpg\" alt=\"\" class=\"wp-image-35084\" srcset=\"https:\/\/radiostudiow.com.br\/site\/wp-content\/uploads\/2025\/03\/BARAO-NOVO-NOTICIAS-1.jpg 897w, https:\/\/radiostudiow.com.br\/site\/wp-content\/uploads\/2025\/03\/BARAO-NOVO-NOTICIAS-1-300x68.jpg 300w, https:\/\/radiostudiow.com.br\/site\/wp-content\/uploads\/2025\/03\/BARAO-NOVO-NOTICIAS-1-768x175.jpg 768w\" sizes=\"auto, (max-width: 897px) 100vw, 897px\" \/><\/figure>\n\n\n\n<p>A equipe da Pol\u00edcia Militar de General Carneiro recebeu informa\u00e7\u00f5es sobre uma mulher com mandado de pris\u00e3o em aberto pelo crime de tr\u00e1fico de drogas.<\/p>\n\n\n\n<p>A situa\u00e7\u00e3o foi registrada por volta das 08h40min dessa ter\u00e7a-feira, 02 de dezembro, na Col\u00f4nia Santa Rosa em uma resid\u00eancia na \u00e1rea rural da regi\u00e3o de Jangada.<\/p>\n\n\n\n<figure class=\"wp-block-image size-full\"><img loading=\"lazy\" decoding=\"async\" width=\"300\" height=\"180\" src=\"https:\/\/radiostudiow.com.br\/site\/wp-content\/uploads\/2025\/06\/PLAY-HALL.png\" alt=\"\" class=\"wp-image-39582\"\/><\/figure>\n\n\n\n<p>Ap\u00f3s deslocamento ao local, a suspeita foi encontrada no interior da casa. Durante a a\u00e7\u00e3o, os policiais visualizaram uma espingarda pendurada na parede.<\/p>\n\n\n\n<p>Diante da posse ilegal de arma de fogo e do mandado de pris\u00e3o vigente. A equipe ent\u00e3o conduziu a detida e a arma apreendida at\u00e9 a 4a SDP para os procedimentos legais.<\/p>\n","protected":false},"excerpt":{"rendered":"<p>A equipe da Pol\u00edcia Militar de General Carneiro recebeu informa\u00e7\u00f5es sobre uma mulher com mandado de pris\u00e3o em aberto pelo crime de tr\u00e1fico de drogas. A situa\u00e7\u00e3o foi registrada por volta das 08h40min dessa ter\u00e7a-feira, 02 de dezembro, na Col\u00f4nia Santa Rosa em uma resid\u00eancia na \u00e1rea rural da regi\u00e3o de Jangada. Ap\u00f3s deslocamento ao [&hellip;]<\/p>\n","protected":false},"author":2,"featured_media":45224,"comment_status":"open","ping_status":"open","sticky":false,"template":"","format":"standard","meta":{"footnotes":""},"categories":[2],"tags":[172],"class_list":["post-45223","post","type-post","status-publish","format-standard","has-post-thumbnail","hentry","category-policial","tag-featured"],"amp_enabled":true,"_links":{"self":[{"href":"https:\/\/radiostudiow.com.br\/site\/wp-json\/wp\/v2\/posts\/45223","targetHints":{"allow":["GET"]}}],"collection":[{"href":"https:\/\/radiostudiow.com.br\/site\/wp-json\/wp\/v2\/posts"}],"about":[{"href":"https:\/\/radiostudiow.com.br\/site\/wp-json\/wp\/v2\/types\/post"}],"author":[{"embeddable":true,"href":"https:\/\/radiostudiow.com.br\/site\/wp-json\/wp\/v2\/users\/2"}],"replies":[{"embeddable":true,"href":"https:\/\/radiostudiow.com.br\/site\/wp-json\/wp\/v2\/comments?post=45223"}],"version-history":[{"count":2,"href":"https:\/\/radiostudiow.com.br\/site\/wp-json\/wp\/v2\/posts\/45223\/revisions"}],"predecessor-version":[{"id":45227,"href":"https:\/\/radiostudiow.com.br\/site\/wp-json\/wp\/v2\/posts\/45223\/revisions\/45227"}],"wp:featuredmedia":[{"embeddable":true,"href":"https:\/\/radiostudiow.com.br\/site\/wp-json\/wp\/v2\/media\/45224"}],"wp:attachment":[{"href":"https:\/\/radiostudiow.com.br\/site\/wp-json\/wp\/v2\/media?parent=45223"}],"wp:term":[{"taxonomy":"category","embeddable":true,"href":"https:\/\/radiostudiow.com.br\/site\/wp-json\/wp\/v2\/categories?post=45223"},{"taxonomy":"post_tag","embeddable":true,"href":"https:\/\/radiostudiow.com.br\/site\/wp-json\/wp\/v2\/tags?post=45223"}],"curies":[{"name":"wp","href":"https:\/\/api.w.org\/{rel}","templated":true}]}}