{"id":45228,"date":"2025-12-03T10:17:49","date_gmt":"2025-12-03T13:17:49","guid":{"rendered":"https:\/\/radiostudiow.com.br\/site\/?p=45228"},"modified":"2025-12-03T10:17:50","modified_gmt":"2025-12-03T13:17:50","slug":"policia-militar-recupera-veiculo-furtado-e-apreende-suspeito-menor-de-idade-em-sao-mateus-do-sul","status":"publish","type":"post","link":"https:\/\/radiostudiow.com.br\/site\/2025\/12\/03\/policia-militar-recupera-veiculo-furtado-e-apreende-suspeito-menor-de-idade-em-sao-mateus-do-sul\/","title":{"rendered":"Pol\u00edcia Militar recupera ve\u00edculo furtado e apreende suspeito menor de idade em S\u00e3o Mateus do Sul"},"content":{"rendered":"\n<figure class=\"wp-block-image size-full\"><img loading=\"lazy\" decoding=\"async\" width=\"897\" height=\"204\" src=\"https:\/\/radiostudiow.com.br\/site\/wp-content\/uploads\/2025\/02\/SITE-GRANDE7.png\" alt=\"\" class=\"wp-image-33861\" srcset=\"https:\/\/radiostudiow.com.br\/site\/wp-content\/uploads\/2025\/02\/SITE-GRANDE7.png 897w, https:\/\/radiostudiow.com.br\/site\/wp-content\/uploads\/2025\/02\/SITE-GRANDE7-300x68.png 300w, https:\/\/radiostudiow.com.br\/site\/wp-content\/uploads\/2025\/02\/SITE-GRANDE7-768x175.png 768w\" sizes=\"auto, (max-width: 897px) 100vw, 897px\" \/><\/figure>\n\n\n\n<p>A equipe da Pol\u00edcia Militar de S\u00e3o Mateus do Sul recebeu informa\u00e7\u00f5es sobre o furto de um ve\u00edculo ocorrido por volta das 09h30min da manh\u00e3 dessa ter\u00e7a-feira, 02 de Dezembro, no bairro Vila Amaral.<\/p>\n\n\n\n<p>A propriet\u00e1ria relatou que o carro estava estacionado em frente \u00e0 resid\u00eancia quando desapareceu. Ap\u00f3s o registro da ocorr\u00eancia, as equipes iniciaram buscas e receberam a informa\u00e7\u00e3o de que o ve\u00edculo havia sido visto em uma regi\u00e3o pr\u00f3xima ao rio, onde tr\u00eas indiv\u00edduos foram flagrados saindo de seu interior.<\/p>\n\n\n\n<figure class=\"wp-block-image size-full\"><img loading=\"lazy\" decoding=\"async\" width=\"598\" height=\"204\" src=\"https:\/\/radiostudiow.com.br\/site\/wp-content\/uploads\/2024\/10\/labirati.png\" alt=\"\" class=\"wp-image-28854\" srcset=\"https:\/\/radiostudiow.com.br\/site\/wp-content\/uploads\/2024\/10\/labirati.png 598w, https:\/\/radiostudiow.com.br\/site\/wp-content\/uploads\/2024\/10\/labirati-300x102.png 300w\" sizes=\"auto, (max-width: 598px) 100vw, 598px\" \/><\/figure>\n\n\n\n<p>Durante as dilig\u00eancias, o ve\u00edculo foi localizado estacionado atr\u00e1s de um gin\u00e1sio, trancado. Em nova<br>busca, um dos suspeitos foi encontrado e confessou participa\u00e7\u00e3o no crime, al\u00e9m de<br>apontar outros dois envolvidos.<\/p>\n\n\n\n<p>O menor foi apreendido e conduzido para os procedimentos legais, junto aos materiais relacionados ao fato.<\/p>\n","protected":false},"excerpt":{"rendered":"<p>A equipe da Pol\u00edcia Militar de S\u00e3o Mateus do Sul recebeu informa\u00e7\u00f5es sobre o furto de um ve\u00edculo ocorrido por volta das 09h30min da manh\u00e3 dessa ter\u00e7a-feira, 02 de Dezembro, no bairro Vila Amaral. A propriet\u00e1ria relatou que o carro estava estacionado em frente \u00e0 resid\u00eancia quando desapareceu. Ap\u00f3s o registro da ocorr\u00eancia, as equipes [&hellip;]<\/p>\n","protected":false},"author":2,"featured_media":45229,"comment_status":"open","ping_status":"open","sticky":false,"template":"","format":"standard","meta":{"footnotes":""},"categories":[2],"tags":[172],"class_list":["post-45228","post","type-post","status-publish","format-standard","has-post-thumbnail","hentry","category-policial","tag-featured"],"amp_enabled":true,"_links":{"self":[{"href":"https:\/\/radiostudiow.com.br\/site\/wp-json\/wp\/v2\/posts\/45228","targetHints":{"allow":["GET"]}}],"collection":[{"href":"https:\/\/radiostudiow.com.br\/site\/wp-json\/wp\/v2\/posts"}],"about":[{"href":"https:\/\/radiostudiow.com.br\/site\/wp-json\/wp\/v2\/types\/post"}],"author":[{"embeddable":true,"href":"https:\/\/radiostudiow.com.br\/site\/wp-json\/wp\/v2\/users\/2"}],"replies":[{"embeddable":true,"href":"https:\/\/radiostudiow.com.br\/site\/wp-json\/wp\/v2\/comments?post=45228"}],"version-history":[{"count":1,"href":"https:\/\/radiostudiow.com.br\/site\/wp-json\/wp\/v2\/posts\/45228\/revisions"}],"predecessor-version":[{"id":45230,"href":"https:\/\/radiostudiow.com.br\/site\/wp-json\/wp\/v2\/posts\/45228\/revisions\/45230"}],"wp:featuredmedia":[{"embeddable":true,"href":"https:\/\/radiostudiow.com.br\/site\/wp-json\/wp\/v2\/media\/45229"}],"wp:attachment":[{"href":"https:\/\/radiostudiow.com.br\/site\/wp-json\/wp\/v2\/media?parent=45228"}],"wp:term":[{"taxonomy":"category","embeddable":true,"href":"https:\/\/radiostudiow.com.br\/site\/wp-json\/wp\/v2\/categories?post=45228"},{"taxonomy":"post_tag","embeddable":true,"href":"https:\/\/radiostudiow.com.br\/site\/wp-json\/wp\/v2\/tags?post=45228"}],"curies":[{"name":"wp","href":"https:\/\/api.w.org\/{rel}","templated":true}]}}