{"id":45249,"date":"2025-12-04T10:07:15","date_gmt":"2025-12-04T13:07:15","guid":{"rendered":"https:\/\/radiostudiow.com.br\/site\/?p=45249"},"modified":"2025-12-04T10:07:49","modified_gmt":"2025-12-04T13:07:49","slug":"incendio-destroi-casa-no-bento-munhoz-suspeita-e-que-tenha-sido-intencional","status":"publish","type":"post","link":"https:\/\/radiostudiow.com.br\/site\/2025\/12\/04\/incendio-destroi-casa-no-bento-munhoz-suspeita-e-que-tenha-sido-intencional\/","title":{"rendered":"Inc\u00eandio destroi casa em Uni\u00e3o da Vit\u00f3ria; suspeita \u00e9 que tenha sido intencional"},"content":{"rendered":"\n<figure class=\"wp-block-image size-full\"><img loading=\"lazy\" decoding=\"async\" width=\"897\" height=\"204\" src=\"https:\/\/radiostudiow.com.br\/site\/wp-content\/uploads\/2025\/02\/SITE-GRANDE7.png\" alt=\"\" class=\"wp-image-33861\" srcset=\"https:\/\/radiostudiow.com.br\/site\/wp-content\/uploads\/2025\/02\/SITE-GRANDE7.png 897w, https:\/\/radiostudiow.com.br\/site\/wp-content\/uploads\/2025\/02\/SITE-GRANDE7-300x68.png 300w, https:\/\/radiostudiow.com.br\/site\/wp-content\/uploads\/2025\/02\/SITE-GRANDE7-768x175.png 768w\" sizes=\"auto, (max-width: 897px) 100vw, 897px\" \/><\/figure>\n\n\n\n<p>Um inc\u00eandio destruiu completamente uma resid\u00eancia de madeira localizada na\u00a0Rua Joaquim Penido Monteiro, no bairro Bento Munhoz, em Uni\u00e3o da Vit\u00f3ria por volta das 06h15min desta quinta-feira (04).<\/p>\n\n\n\n<p>Segundo relatos de testemunhas e vizinhos, h\u00e1 forte suspeita de que o inc\u00eandio tenha sido intencional. Uma mulher \u00e9 apontada como a poss\u00edvel autora do crime.<\/p>\n\n\n\n<figure class=\"wp-block-image size-full\"><img loading=\"lazy\" decoding=\"async\" width=\"598\" height=\"204\" src=\"https:\/\/radiostudiow.com.br\/site\/wp-content\/uploads\/2024\/01\/SITE-MEDIO.png\" alt=\"\" class=\"wp-image-18916\" srcset=\"https:\/\/radiostudiow.com.br\/site\/wp-content\/uploads\/2024\/01\/SITE-MEDIO.png 598w, https:\/\/radiostudiow.com.br\/site\/wp-content\/uploads\/2024\/01\/SITE-MEDIO-300x102.png 300w\" sizes=\"auto, (max-width: 598px) 100vw, 598px\" \/><\/figure>\n\n\n\n<p>\u00a0Inicialmente, vizinhos chegaram a temer que houvesse algu\u00e9m na resid\u00eancia, mas, at\u00e9 o momento, n\u00e3o h\u00e1 informa\u00e7\u00f5es confirmadas sobre v\u00edtimas no local.<\/p>\n\n\n\n<p>O trabalho dos bombeiros concentrou-se em evitar que as chamas se alastrassem para as resid\u00eancias vizinhas, conseguindo proteger o im\u00f3vel ao lado.\u00a0A casa atingida ficou totalmente destru\u00edda.<\/p>\n\n\n\n<p>Novas atualiza\u00e7\u00f5es sobre o caso ser\u00e3o divulgadas ao longo do dia.<\/p>\n\n\n\n<p class=\"has-text-align-center\"><em><strong>Fonte: Portal V.Vale<\/strong><\/em><\/p>\n\n\n\n<figure class=\"wp-block-video\"><video height=\"850\" style=\"aspect-ratio: 478 \/ 850;\" width=\"478\" controls src=\"https:\/\/radiostudiow.com.br\/site\/wp-content\/uploads\/2025\/12\/WhatsApp-Video-2025-12-04-at-07.02.49.mp4\"><\/video><\/figure>\n","protected":false},"excerpt":{"rendered":"<p>Um inc\u00eandio destruiu completamente uma resid\u00eancia de madeira localizada na\u00a0Rua Joaquim Penido Monteiro, no bairro Bento Munhoz, em Uni\u00e3o da Vit\u00f3ria por volta das 06h15min desta quinta-feira (04). Segundo relatos de testemunhas e vizinhos, h\u00e1 forte suspeita de que o inc\u00eandio tenha sido intencional. Uma mulher \u00e9 apontada como a poss\u00edvel autora do crime. \u00a0Inicialmente, [&hellip;]<\/p>\n","protected":false},"author":2,"featured_media":45250,"comment_status":"open","ping_status":"open","sticky":false,"template":"","format":"standard","meta":{"footnotes":""},"categories":[185],"tags":[172],"class_list":["post-45249","post","type-post","status-publish","format-standard","has-post-thumbnail","hentry","category-regional","tag-featured"],"amp_enabled":true,"_links":{"self":[{"href":"https:\/\/radiostudiow.com.br\/site\/wp-json\/wp\/v2\/posts\/45249","targetHints":{"allow":["GET"]}}],"collection":[{"href":"https:\/\/radiostudiow.com.br\/site\/wp-json\/wp\/v2\/posts"}],"about":[{"href":"https:\/\/radiostudiow.com.br\/site\/wp-json\/wp\/v2\/types\/post"}],"author":[{"embeddable":true,"href":"https:\/\/radiostudiow.com.br\/site\/wp-json\/wp\/v2\/users\/2"}],"replies":[{"embeddable":true,"href":"https:\/\/radiostudiow.com.br\/site\/wp-json\/wp\/v2\/comments?post=45249"}],"version-history":[{"count":3,"href":"https:\/\/radiostudiow.com.br\/site\/wp-json\/wp\/v2\/posts\/45249\/revisions"}],"predecessor-version":[{"id":45254,"href":"https:\/\/radiostudiow.com.br\/site\/wp-json\/wp\/v2\/posts\/45249\/revisions\/45254"}],"wp:featuredmedia":[{"embeddable":true,"href":"https:\/\/radiostudiow.com.br\/site\/wp-json\/wp\/v2\/media\/45250"}],"wp:attachment":[{"href":"https:\/\/radiostudiow.com.br\/site\/wp-json\/wp\/v2\/media?parent=45249"}],"wp:term":[{"taxonomy":"category","embeddable":true,"href":"https:\/\/radiostudiow.com.br\/site\/wp-json\/wp\/v2\/categories?post=45249"},{"taxonomy":"post_tag","embeddable":true,"href":"https:\/\/radiostudiow.com.br\/site\/wp-json\/wp\/v2\/tags?post=45249"}],"curies":[{"name":"wp","href":"https:\/\/api.w.org\/{rel}","templated":true}]}}