{"id":45255,"date":"2025-12-04T10:17:02","date_gmt":"2025-12-04T13:17:02","guid":{"rendered":"https:\/\/radiostudiow.com.br\/site\/?p=45255"},"modified":"2025-12-04T10:17:03","modified_gmt":"2025-12-04T13:17:03","slug":"policia-militar-prende-homem-por-trafico-de-drogas-em-uniao-da-vitoria-7","status":"publish","type":"post","link":"https:\/\/radiostudiow.com.br\/site\/2025\/12\/04\/policia-militar-prende-homem-por-trafico-de-drogas-em-uniao-da-vitoria-7\/","title":{"rendered":"Pol\u00edcia Militar prende homem por tr\u00e1fico de drogas em Uni\u00e3o da Vit\u00f3ria"},"content":{"rendered":"\n<p><\/p>\n\n\n\n<figure class=\"wp-block-image size-full\"><img loading=\"lazy\" decoding=\"async\" width=\"897\" height=\"207\" src=\"https:\/\/radiostudiow.com.br\/site\/wp-content\/uploads\/2025\/07\/TIJOLAO.png\" alt=\"\" class=\"wp-image-40184\" srcset=\"https:\/\/radiostudiow.com.br\/site\/wp-content\/uploads\/2025\/07\/TIJOLAO.png 897w, https:\/\/radiostudiow.com.br\/site\/wp-content\/uploads\/2025\/07\/TIJOLAO-300x69.png 300w, https:\/\/radiostudiow.com.br\/site\/wp-content\/uploads\/2025\/07\/TIJOLAO-768x177.png 768w\" sizes=\"auto, (max-width: 897px) 100vw, 897px\" \/><\/figure>\n\n\n\n<p>Durante patrulhamento a equipe da Pol\u00edcia Militar de Uni\u00e3o da Vit\u00f3ria visualizou um homem, j\u00e1 conhecido por fazer uso de drogas, saindo de uma resid\u00eancia identificada como ponto de tr\u00e1fico de<br>entorpecentes.<\/p>\n\n\n\n<p>O caso foi registrado no bairro Panorama por volta das 17h40min dessa quarta-feira (03).<\/p>\n\n\n\n<p>Os policiais abordaram o suspeito, em revista foram encontradas com ele duas por\u00e7\u00f5es de uma subst\u00e2ncia semelhante ao crack, as quais ele afirmou ter comprado no local.<\/p>\n\n\n\n<figure class=\"wp-block-image size-full\"><img loading=\"lazy\" decoding=\"async\" width=\"300\" height=\"180\" src=\"https:\/\/radiostudiow.com.br\/site\/wp-content\/uploads\/2025\/06\/PLAY-HALL.png\" alt=\"\" class=\"wp-image-39582\"\/><\/figure>\n\n\n\n<p>Diante disso, a equipe realizou abordagem na resid\u00eancia, onde encontrou mais quantidade de crack,<br>al\u00e9m de por\u00e7\u00f5es de coca\u00edna.<\/p>\n\n\n\n<p>Os respons\u00e1veis pelo im\u00f3vel, juntamente com o usu\u00e1rio abordado, foram encaminhados \u00e0 4\u00aa SDP para que a autoridade policial tomasse as devidas provid\u00eancias.<\/p>\n","protected":false},"excerpt":{"rendered":"<p>Durante patrulhamento a equipe da Pol\u00edcia Militar de Uni\u00e3o da Vit\u00f3ria visualizou um homem, j\u00e1 conhecido por fazer uso de drogas, saindo de uma resid\u00eancia identificada como ponto de tr\u00e1fico deentorpecentes. O caso foi registrado no bairro Panorama por volta das 17h40min dessa quarta-feira (03). Os policiais abordaram o suspeito, em revista foram encontradas com [&hellip;]<\/p>\n","protected":false},"author":2,"featured_media":45256,"comment_status":"open","ping_status":"open","sticky":false,"template":"","format":"standard","meta":{"footnotes":""},"categories":[2],"tags":[172],"class_list":["post-45255","post","type-post","status-publish","format-standard","has-post-thumbnail","hentry","category-policial","tag-featured"],"amp_enabled":true,"_links":{"self":[{"href":"https:\/\/radiostudiow.com.br\/site\/wp-json\/wp\/v2\/posts\/45255","targetHints":{"allow":["GET"]}}],"collection":[{"href":"https:\/\/radiostudiow.com.br\/site\/wp-json\/wp\/v2\/posts"}],"about":[{"href":"https:\/\/radiostudiow.com.br\/site\/wp-json\/wp\/v2\/types\/post"}],"author":[{"embeddable":true,"href":"https:\/\/radiostudiow.com.br\/site\/wp-json\/wp\/v2\/users\/2"}],"replies":[{"embeddable":true,"href":"https:\/\/radiostudiow.com.br\/site\/wp-json\/wp\/v2\/comments?post=45255"}],"version-history":[{"count":1,"href":"https:\/\/radiostudiow.com.br\/site\/wp-json\/wp\/v2\/posts\/45255\/revisions"}],"predecessor-version":[{"id":45257,"href":"https:\/\/radiostudiow.com.br\/site\/wp-json\/wp\/v2\/posts\/45255\/revisions\/45257"}],"wp:featuredmedia":[{"embeddable":true,"href":"https:\/\/radiostudiow.com.br\/site\/wp-json\/wp\/v2\/media\/45256"}],"wp:attachment":[{"href":"https:\/\/radiostudiow.com.br\/site\/wp-json\/wp\/v2\/media?parent=45255"}],"wp:term":[{"taxonomy":"category","embeddable":true,"href":"https:\/\/radiostudiow.com.br\/site\/wp-json\/wp\/v2\/categories?post=45255"},{"taxonomy":"post_tag","embeddable":true,"href":"https:\/\/radiostudiow.com.br\/site\/wp-json\/wp\/v2\/tags?post=45255"}],"curies":[{"name":"wp","href":"https:\/\/api.w.org\/{rel}","templated":true}]}}