{"id":45258,"date":"2025-12-04T10:21:50","date_gmt":"2025-12-04T13:21:50","guid":{"rendered":"https:\/\/radiostudiow.com.br\/site\/?p=45258"},"modified":"2025-12-04T10:21:50","modified_gmt":"2025-12-04T13:21:50","slug":"policia-apreende-veiculo-e-materiais-em-situacao-de-descaminho-em-uniao-da-vitoria","status":"publish","type":"post","link":"https:\/\/radiostudiow.com.br\/site\/2025\/12\/04\/policia-apreende-veiculo-e-materiais-em-situacao-de-descaminho-em-uniao-da-vitoria\/","title":{"rendered":"Pol\u00edcia apreende ve\u00edculo e materiais em situa\u00e7\u00e3o de descaminho em Uni\u00e3o da Vit\u00f3ria"},"content":{"rendered":"\n<figure class=\"wp-block-image size-full\"><img loading=\"lazy\" decoding=\"async\" width=\"897\" height=\"204\" src=\"https:\/\/radiostudiow.com.br\/site\/wp-content\/uploads\/2025\/06\/BARROS.png\" alt=\"\" class=\"wp-image-39575\" srcset=\"https:\/\/radiostudiow.com.br\/site\/wp-content\/uploads\/2025\/06\/BARROS.png 897w, https:\/\/radiostudiow.com.br\/site\/wp-content\/uploads\/2025\/06\/BARROS-300x68.png 300w, https:\/\/radiostudiow.com.br\/site\/wp-content\/uploads\/2025\/06\/BARROS-768x175.png 768w\" sizes=\"auto, (max-width: 897px) 100vw, 897px\" \/><\/figure>\n\n\n\n<p>Em a\u00e7\u00e3o conjunta entre a Pol\u00edcia Militar de Uni\u00e3o da Vit\u00f3ria e a PRF, ap\u00f3s troca de informa\u00e7\u00f5es acerca de um ve\u00edculo suspeito de transportar il\u00edcitos na rodovia BR-153 por volta da 00h15min dessa quinta-feira (04).<\/p>\n\n\n\n<p>Diante da situa\u00e7\u00e3o a equipe policial do 27\u00b0 BPM logrou \u00eaxito em abordar o referido ve\u00edculo, identificando dois homens como ocupantes.<\/p>\n\n\n\n<p>Com os indiv\u00edduos nada de il\u00edcito fora encontrado, entretanto no interior do ve\u00edculo foi constatado estarem transportando diversos produtos entre eletr\u00f4nicos, bebidas, roupas, brinquedos, etc.<\/p>\n\n\n\n<figure class=\"wp-block-image size-full\"><img loading=\"lazy\" decoding=\"async\" width=\"300\" height=\"180\" src=\"https:\/\/radiostudiow.com.br\/site\/wp-content\/uploads\/2025\/05\/VANE.png\" alt=\"\" class=\"wp-image-38014\"\/><\/figure>\n\n\n\n<p>Estes produtos, oriundos do Paraguay, n\u00e3o possuiam notas fiscais inerentes, e os mesmos n\u00e3o foram submetidos aos costumes aduaneiros.<\/p>\n\n\n\n<p>Diante do contexto, aos masculinos foi dada voz de pris\u00e3o pelo crime de descaminho, sendo encaminhados a sede do 27\u00b0 BPM, sendo apreendido o material e ve\u00edculo para entrega \u00e0 Receita Federal, sendo os masculinos liberados porteriormente.<\/p>\n","protected":false},"excerpt":{"rendered":"<p>Em a\u00e7\u00e3o conjunta entre a Pol\u00edcia Militar de Uni\u00e3o da Vit\u00f3ria e a PRF, ap\u00f3s troca de informa\u00e7\u00f5es acerca de um ve\u00edculo suspeito de transportar il\u00edcitos na rodovia BR-153 por volta da 00h15min dessa quinta-feira (04). Diante da situa\u00e7\u00e3o a equipe policial do 27\u00b0 BPM logrou \u00eaxito em abordar o referido ve\u00edculo, identificando dois homens [&hellip;]<\/p>\n","protected":false},"author":2,"featured_media":45259,"comment_status":"open","ping_status":"open","sticky":false,"template":"","format":"standard","meta":{"footnotes":""},"categories":[2],"tags":[172],"class_list":["post-45258","post","type-post","status-publish","format-standard","has-post-thumbnail","hentry","category-policial","tag-featured"],"amp_enabled":true,"_links":{"self":[{"href":"https:\/\/radiostudiow.com.br\/site\/wp-json\/wp\/v2\/posts\/45258","targetHints":{"allow":["GET"]}}],"collection":[{"href":"https:\/\/radiostudiow.com.br\/site\/wp-json\/wp\/v2\/posts"}],"about":[{"href":"https:\/\/radiostudiow.com.br\/site\/wp-json\/wp\/v2\/types\/post"}],"author":[{"embeddable":true,"href":"https:\/\/radiostudiow.com.br\/site\/wp-json\/wp\/v2\/users\/2"}],"replies":[{"embeddable":true,"href":"https:\/\/radiostudiow.com.br\/site\/wp-json\/wp\/v2\/comments?post=45258"}],"version-history":[{"count":1,"href":"https:\/\/radiostudiow.com.br\/site\/wp-json\/wp\/v2\/posts\/45258\/revisions"}],"predecessor-version":[{"id":45260,"href":"https:\/\/radiostudiow.com.br\/site\/wp-json\/wp\/v2\/posts\/45258\/revisions\/45260"}],"wp:featuredmedia":[{"embeddable":true,"href":"https:\/\/radiostudiow.com.br\/site\/wp-json\/wp\/v2\/media\/45259"}],"wp:attachment":[{"href":"https:\/\/radiostudiow.com.br\/site\/wp-json\/wp\/v2\/media?parent=45258"}],"wp:term":[{"taxonomy":"category","embeddable":true,"href":"https:\/\/radiostudiow.com.br\/site\/wp-json\/wp\/v2\/categories?post=45258"},{"taxonomy":"post_tag","embeddable":true,"href":"https:\/\/radiostudiow.com.br\/site\/wp-json\/wp\/v2\/tags?post=45258"}],"curies":[{"name":"wp","href":"https:\/\/api.w.org\/{rel}","templated":true}]}}