{"id":45261,"date":"2025-12-04T10:38:19","date_gmt":"2025-12-04T13:38:19","guid":{"rendered":"https:\/\/radiostudiow.com.br\/site\/?p=45261"},"modified":"2025-12-04T10:38:20","modified_gmt":"2025-12-04T13:38:20","slug":"policia-militar-encaminha-homem-pelo-crime-de-trafico-de-drogas-em-porto-vitoria","status":"publish","type":"post","link":"https:\/\/radiostudiow.com.br\/site\/2025\/12\/04\/policia-militar-encaminha-homem-pelo-crime-de-trafico-de-drogas-em-porto-vitoria\/","title":{"rendered":"Pol\u00edcia Militar encaminha homem pelo crime de tr\u00e1fico de drogas em Porto Vit\u00f3ria"},"content":{"rendered":"\n<figure class=\"wp-block-image size-full\"><img loading=\"lazy\" decoding=\"async\" width=\"731\" height=\"204\" src=\"https:\/\/radiostudiow.com.br\/site\/wp-content\/uploads\/2025\/10\/ZAIONS.png\" alt=\"\" class=\"wp-image-44147\" srcset=\"https:\/\/radiostudiow.com.br\/site\/wp-content\/uploads\/2025\/10\/ZAIONS.png 731w, https:\/\/radiostudiow.com.br\/site\/wp-content\/uploads\/2025\/10\/ZAIONS-300x84.png 300w\" sizes=\"auto, (max-width: 731px) 100vw, 731px\" \/><\/figure>\n\n\n\n<p>Durante patrulhamento, a equipe da Pol\u00edcia Militar  de Porto Vit\u00f3ria avistou um homem que, ao notar a viatura, mudou de dire\u00e7\u00e3o bruscamente tentando evadir-se pela rua Arlindo Azeredo por volta das 23 horas dessa quarta-feira (03).<\/p>\n\n\n\n<p>Durante a abordagem, foi localizado duas por\u00e7\u00f5es de subst\u00e2ncia an\u00e1loga a crack.<\/p>\n\n\n\n<figure class=\"wp-block-image size-full\"><img loading=\"lazy\" decoding=\"async\" width=\"300\" height=\"180\" src=\"https:\/\/radiostudiow.com.br\/site\/wp-content\/uploads\/2025\/08\/LILO.png\" alt=\"\" class=\"wp-image-41962\"\/><\/figure>\n\n\n\n<p>O abordado ent\u00e3o relatou onde teria adquirido a subst\u00e2ncia, e de posse das informa\u00e7\u00f5es repassadas foi deslocado at\u00e9 o endere\u00e7o, onde foi realizada abordagem a um segundo masculino, sendo que com este<br>foram localizadas mais por\u00e7\u00f5es da mesma subst\u00e2ncia entorpecente.<\/p>\n\n\n\n<p>O autor foi encaminhado at\u00e9 a 4a SDP para aprecia\u00e7\u00e3o da autoridade policial.<\/p>\n","protected":false},"excerpt":{"rendered":"<p>Durante patrulhamento, a equipe da Pol\u00edcia Militar de Porto Vit\u00f3ria avistou um homem que, ao notar a viatura, mudou de dire\u00e7\u00e3o bruscamente tentando evadir-se pela rua Arlindo Azeredo por volta das 23 horas dessa quarta-feira (03). Durante a abordagem, foi localizado duas por\u00e7\u00f5es de subst\u00e2ncia an\u00e1loga a crack. O abordado ent\u00e3o relatou onde teria adquirido [&hellip;]<\/p>\n","protected":false},"author":2,"featured_media":45262,"comment_status":"open","ping_status":"open","sticky":false,"template":"","format":"standard","meta":{"footnotes":""},"categories":[2],"tags":[172],"class_list":["post-45261","post","type-post","status-publish","format-standard","has-post-thumbnail","hentry","category-policial","tag-featured"],"amp_enabled":true,"_links":{"self":[{"href":"https:\/\/radiostudiow.com.br\/site\/wp-json\/wp\/v2\/posts\/45261","targetHints":{"allow":["GET"]}}],"collection":[{"href":"https:\/\/radiostudiow.com.br\/site\/wp-json\/wp\/v2\/posts"}],"about":[{"href":"https:\/\/radiostudiow.com.br\/site\/wp-json\/wp\/v2\/types\/post"}],"author":[{"embeddable":true,"href":"https:\/\/radiostudiow.com.br\/site\/wp-json\/wp\/v2\/users\/2"}],"replies":[{"embeddable":true,"href":"https:\/\/radiostudiow.com.br\/site\/wp-json\/wp\/v2\/comments?post=45261"}],"version-history":[{"count":2,"href":"https:\/\/radiostudiow.com.br\/site\/wp-json\/wp\/v2\/posts\/45261\/revisions"}],"predecessor-version":[{"id":45264,"href":"https:\/\/radiostudiow.com.br\/site\/wp-json\/wp\/v2\/posts\/45261\/revisions\/45264"}],"wp:featuredmedia":[{"embeddable":true,"href":"https:\/\/radiostudiow.com.br\/site\/wp-json\/wp\/v2\/media\/45262"}],"wp:attachment":[{"href":"https:\/\/radiostudiow.com.br\/site\/wp-json\/wp\/v2\/media?parent=45261"}],"wp:term":[{"taxonomy":"category","embeddable":true,"href":"https:\/\/radiostudiow.com.br\/site\/wp-json\/wp\/v2\/categories?post=45261"},{"taxonomy":"post_tag","embeddable":true,"href":"https:\/\/radiostudiow.com.br\/site\/wp-json\/wp\/v2\/tags?post=45261"}],"curies":[{"name":"wp","href":"https:\/\/api.w.org\/{rel}","templated":true}]}}