{"id":45265,"date":"2025-12-04T10:40:52","date_gmt":"2025-12-04T13:40:52","guid":{"rendered":"https:\/\/radiostudiow.com.br\/site\/?p=45265"},"modified":"2025-12-04T10:41:07","modified_gmt":"2025-12-04T13:41:07","slug":"idosa-esta-desaparecida-e-familia-pede-ajuda-da-populacao","status":"publish","type":"post","link":"https:\/\/radiostudiow.com.br\/site\/2025\/12\/04\/idosa-esta-desaparecida-e-familia-pede-ajuda-da-populacao\/","title":{"rendered":"Idosa est\u00e1 desaparecida em Prudent\u00f3polis e fam\u00edlia pede ajuda da popula\u00e7\u00e3o"},"content":{"rendered":"\n<figure class=\"wp-block-image size-full\"><img loading=\"lazy\" decoding=\"async\" width=\"897\" height=\"204\" src=\"https:\/\/radiostudiow.com.br\/site\/wp-content\/uploads\/2025\/05\/NUTRI-MALLET.png\" alt=\"\" class=\"wp-image-37813\" srcset=\"https:\/\/radiostudiow.com.br\/site\/wp-content\/uploads\/2025\/05\/NUTRI-MALLET.png 897w, https:\/\/radiostudiow.com.br\/site\/wp-content\/uploads\/2025\/05\/NUTRI-MALLET-300x68.png 300w, https:\/\/radiostudiow.com.br\/site\/wp-content\/uploads\/2025\/05\/NUTRI-MALLET-768x175.png 768w\" sizes=\"auto, (max-width: 897px) 100vw, 897px\" \/><\/figure>\n\n\n\n<p class=\"has-text-align-center\"><strong><em>Da reda\u00e7\u00e3o Folha de Irati<\/em><\/strong><\/p>\n\n\n\n<p>Uma idosa identificada como Elvira de Campos, de 76 anos, moradora de Prudent\u00f3polis, est\u00e1 desaparecida desde das 10 horas da manh\u00e3 dessa ter\u00e7a-feira (03).<\/p>\n\n\n\n<p>Quando saiu de casa para fazer caminhada e n\u00e3o retornou, fato que mobiliza familiares e gera grande preocupa\u00e7\u00e3o devido \u00e0s suas condi\u00e7\u00f5es de sa\u00fade, j\u00e1 que ela \u00e9 portadora de autismo e diabetes e necessita de medica\u00e7\u00e3o em hor\u00e1rios rigorosos.<\/p>\n\n\n\n<p>Segundo a fam\u00edlia, dona Elvira tinha o h\u00e1bito de sair sozinha para caminhadas pela cidade, pelo interior de Prudent\u00f3polis e tamb\u00e9m nas proximidades da rodovia, mas sempre retornava para casa, o que n\u00e3o aconteceu desta vez. No momento em que foi vista pela \u00faltima vez, ela vestia blusa branca e bermuda preta.<\/p>\n\n\n\n<figure class=\"wp-block-image size-full\"><img loading=\"lazy\" decoding=\"async\" width=\"598\" height=\"204\" src=\"https:\/\/radiostudiow.com.br\/site\/wp-content\/uploads\/2024\/10\/labirati.png\" alt=\"\" class=\"wp-image-28854\" srcset=\"https:\/\/radiostudiow.com.br\/site\/wp-content\/uploads\/2024\/10\/labirati.png 598w, https:\/\/radiostudiow.com.br\/site\/wp-content\/uploads\/2024\/10\/labirati-300x102.png 300w\" sizes=\"auto, (max-width: 598px) 100vw, 598px\" \/><\/figure>\n\n\n\n<p>Familiares relatam que a idosa depende do uso cont\u00ednuo de medicamentos, o que aumenta a urg\u00eancia nas buscas. \u201cEla toma rem\u00e9dio nos hor\u00e1rios certos e estamos muito preocupados\u201d, relatou um familiar.<\/p>\n\n\n\n<p>A fam\u00edlia refor\u00e7a o pedido de colabora\u00e7\u00e3o da comunidade e solicita que qualquer informa\u00e7\u00e3o seja repassada imediatamente.<\/p>\n\n\n\n<blockquote class=\"wp-block-quote has-text-align-center is-layout-flow wp-block-quote-is-layout-flow\">\n<p>Quem tiver not\u00edcias sobre o paradeiro de Elvira de Campos pode entrar em contato por mensagem no Instagram ou no Facebook pelo perfil\u00a0<strong>Diego Campos Pillar<\/strong>\u00a0ou no WhatsApp do mesmo: (42) 99923-5555<\/p>\n<\/blockquote>\n","protected":false},"excerpt":{"rendered":"<p>Da reda\u00e7\u00e3o Folha de Irati Uma idosa identificada como Elvira de Campos, de 76 anos, moradora de Prudent\u00f3polis, est\u00e1 desaparecida desde das 10 horas da manh\u00e3 dessa ter\u00e7a-feira (03). Quando saiu de casa para fazer caminhada e n\u00e3o retornou, fato que mobiliza familiares e gera grande preocupa\u00e7\u00e3o devido \u00e0s suas condi\u00e7\u00f5es de sa\u00fade, j\u00e1 que [&hellip;]<\/p>\n","protected":false},"author":2,"featured_media":45266,"comment_status":"open","ping_status":"open","sticky":false,"template":"","format":"standard","meta":{"footnotes":""},"categories":[185],"tags":[172],"class_list":["post-45265","post","type-post","status-publish","format-standard","has-post-thumbnail","hentry","category-regional","tag-featured"],"amp_enabled":true,"_links":{"self":[{"href":"https:\/\/radiostudiow.com.br\/site\/wp-json\/wp\/v2\/posts\/45265","targetHints":{"allow":["GET"]}}],"collection":[{"href":"https:\/\/radiostudiow.com.br\/site\/wp-json\/wp\/v2\/posts"}],"about":[{"href":"https:\/\/radiostudiow.com.br\/site\/wp-json\/wp\/v2\/types\/post"}],"author":[{"embeddable":true,"href":"https:\/\/radiostudiow.com.br\/site\/wp-json\/wp\/v2\/users\/2"}],"replies":[{"embeddable":true,"href":"https:\/\/radiostudiow.com.br\/site\/wp-json\/wp\/v2\/comments?post=45265"}],"version-history":[{"count":2,"href":"https:\/\/radiostudiow.com.br\/site\/wp-json\/wp\/v2\/posts\/45265\/revisions"}],"predecessor-version":[{"id":45268,"href":"https:\/\/radiostudiow.com.br\/site\/wp-json\/wp\/v2\/posts\/45265\/revisions\/45268"}],"wp:featuredmedia":[{"embeddable":true,"href":"https:\/\/radiostudiow.com.br\/site\/wp-json\/wp\/v2\/media\/45266"}],"wp:attachment":[{"href":"https:\/\/radiostudiow.com.br\/site\/wp-json\/wp\/v2\/media?parent=45265"}],"wp:term":[{"taxonomy":"category","embeddable":true,"href":"https:\/\/radiostudiow.com.br\/site\/wp-json\/wp\/v2\/categories?post=45265"},{"taxonomy":"post_tag","embeddable":true,"href":"https:\/\/radiostudiow.com.br\/site\/wp-json\/wp\/v2\/tags?post=45265"}],"curies":[{"name":"wp","href":"https:\/\/api.w.org\/{rel}","templated":true}]}}