{"id":45273,"date":"2025-12-06T09:42:05","date_gmt":"2025-12-06T12:42:05","guid":{"rendered":"https:\/\/radiostudiow.com.br\/site\/?p=45273"},"modified":"2025-12-06T09:42:47","modified_gmt":"2025-12-06T12:42:47","slug":"policia-militar-prende-homem-por-mandado-de-prisao-expedido-pela-comarca-de-mallet","status":"publish","type":"post","link":"https:\/\/radiostudiow.com.br\/site\/2025\/12\/06\/policia-militar-prende-homem-por-mandado-de-prisao-expedido-pela-comarca-de-mallet\/","title":{"rendered":"Pol\u00edcia Militar prende homem por mandado de Pris\u00e3o Expedido pela Comarca de Mallet"},"content":{"rendered":"\n<figure class=\"wp-block-image size-full\"><img loading=\"lazy\" decoding=\"async\" width=\"897\" height=\"204\" src=\"https:\/\/radiostudiow.com.br\/site\/wp-content\/uploads\/2025\/03\/BARAO-NOVO-NOTICIAS-1.jpg\" alt=\"\" class=\"wp-image-35084\" srcset=\"https:\/\/radiostudiow.com.br\/site\/wp-content\/uploads\/2025\/03\/BARAO-NOVO-NOTICIAS-1.jpg 897w, https:\/\/radiostudiow.com.br\/site\/wp-content\/uploads\/2025\/03\/BARAO-NOVO-NOTICIAS-1-300x68.jpg 300w, https:\/\/radiostudiow.com.br\/site\/wp-content\/uploads\/2025\/03\/BARAO-NOVO-NOTICIAS-1-768x175.jpg 768w\" sizes=\"auto, (max-width: 897px) 100vw, 897px\" \/><\/figure>\n\n\n\n<p>A equipe da Pol\u00edcia Militar de Uni\u00e3o da Vit\u00f3ria tomou conhecimento de um homem com mandado de Pris\u00e3o Civil ativo devedor de pens\u00e3o aliment\u00edcia, expedido pela Comarca de Mallet.<\/p>\n\n\n\n<p>A a\u00e7\u00e3o conjunta das ag\u00eancias de intelig\u00eancia Pol\u00edcia Militar do Paran\u00e1 (PMPR) e Pol\u00edcia Militar de Santa Catarina (PMSC) foi registrada na cidade de Paulo Frontin, cidade na qual o autor reside, por volta das 18 horas dessa quinta-feira (04).<\/p>\n\n\n\n<p>O autor foi localizado, dado fiel cumprimento ao mandado, conduzindo-o ao DEPEN de Uni\u00e3o da Vit\u00f3ria, onde ficou \u00e0 disposi\u00e7\u00e3o do Judici\u00e1rio.<\/p>\n\n\n\n<figure class=\"wp-block-image size-full\"><img loading=\"lazy\" decoding=\"async\" width=\"897\" height=\"204\" src=\"https:\/\/radiostudiow.com.br\/site\/wp-content\/uploads\/2025\/05\/NUTRI-MALLET.png\" alt=\"\" class=\"wp-image-37813\" srcset=\"https:\/\/radiostudiow.com.br\/site\/wp-content\/uploads\/2025\/05\/NUTRI-MALLET.png 897w, https:\/\/radiostudiow.com.br\/site\/wp-content\/uploads\/2025\/05\/NUTRI-MALLET-300x68.png 300w, https:\/\/radiostudiow.com.br\/site\/wp-content\/uploads\/2025\/05\/NUTRI-MALLET-768x175.png 768w\" sizes=\"auto, (max-width: 897px) 100vw, 897px\" \/><\/figure>\n","protected":false},"excerpt":{"rendered":"<p>A equipe da Pol\u00edcia Militar de Uni\u00e3o da Vit\u00f3ria tomou conhecimento de um homem com mandado de Pris\u00e3o Civil ativo devedor de pens\u00e3o aliment\u00edcia, expedido pela Comarca de Mallet. A a\u00e7\u00e3o conjunta das ag\u00eancias de intelig\u00eancia Pol\u00edcia Militar do Paran\u00e1 (PMPR) e Pol\u00edcia Militar de Santa Catarina (PMSC) foi registrada na cidade de Paulo Frontin, [&hellip;]<\/p>\n","protected":false},"author":2,"featured_media":45367,"comment_status":"open","ping_status":"open","sticky":false,"template":"","format":"standard","meta":{"footnotes":""},"categories":[2],"tags":[172],"class_list":["post-45273","post","type-post","status-publish","format-standard","has-post-thumbnail","hentry","category-policial","tag-featured"],"amp_enabled":true,"_links":{"self":[{"href":"https:\/\/radiostudiow.com.br\/site\/wp-json\/wp\/v2\/posts\/45273","targetHints":{"allow":["GET"]}}],"collection":[{"href":"https:\/\/radiostudiow.com.br\/site\/wp-json\/wp\/v2\/posts"}],"about":[{"href":"https:\/\/radiostudiow.com.br\/site\/wp-json\/wp\/v2\/types\/post"}],"author":[{"embeddable":true,"href":"https:\/\/radiostudiow.com.br\/site\/wp-json\/wp\/v2\/users\/2"}],"replies":[{"embeddable":true,"href":"https:\/\/radiostudiow.com.br\/site\/wp-json\/wp\/v2\/comments?post=45273"}],"version-history":[{"count":9,"href":"https:\/\/radiostudiow.com.br\/site\/wp-json\/wp\/v2\/posts\/45273\/revisions"}],"predecessor-version":[{"id":45370,"href":"https:\/\/radiostudiow.com.br\/site\/wp-json\/wp\/v2\/posts\/45273\/revisions\/45370"}],"wp:featuredmedia":[{"embeddable":true,"href":"https:\/\/radiostudiow.com.br\/site\/wp-json\/wp\/v2\/media\/45367"}],"wp:attachment":[{"href":"https:\/\/radiostudiow.com.br\/site\/wp-json\/wp\/v2\/media?parent=45273"}],"wp:term":[{"taxonomy":"category","embeddable":true,"href":"https:\/\/radiostudiow.com.br\/site\/wp-json\/wp\/v2\/categories?post=45273"},{"taxonomy":"post_tag","embeddable":true,"href":"https:\/\/radiostudiow.com.br\/site\/wp-json\/wp\/v2\/tags?post=45273"}],"curies":[{"name":"wp","href":"https:\/\/api.w.org\/{rel}","templated":true}]}}