{"id":45278,"date":"2025-12-05T09:57:04","date_gmt":"2025-12-05T12:57:04","guid":{"rendered":"https:\/\/radiostudiow.com.br\/site\/?p=45278"},"modified":"2025-12-05T09:57:05","modified_gmt":"2025-12-05T12:57:05","slug":"policia-militar-conduz-homem-para-lavratura-de-termo-circunstanciado-por-desobediencia","status":"publish","type":"post","link":"https:\/\/radiostudiow.com.br\/site\/2025\/12\/05\/policia-militar-conduz-homem-para-lavratura-de-termo-circunstanciado-por-desobediencia\/","title":{"rendered":"Pol\u00edcia Militar conduz homem para lavratura de termo circunstanciado por desobedi\u00eancia"},"content":{"rendered":"\n<figure class=\"wp-block-image size-full\"><img loading=\"lazy\" decoding=\"async\" width=\"897\" height=\"204\" src=\"https:\/\/radiostudiow.com.br\/site\/wp-content\/uploads\/2025\/02\/SITE-GRANDE7.png\" alt=\"\" class=\"wp-image-33861\" srcset=\"https:\/\/radiostudiow.com.br\/site\/wp-content\/uploads\/2025\/02\/SITE-GRANDE7.png 897w, https:\/\/radiostudiow.com.br\/site\/wp-content\/uploads\/2025\/02\/SITE-GRANDE7-300x68.png 300w, https:\/\/radiostudiow.com.br\/site\/wp-content\/uploads\/2025\/02\/SITE-GRANDE7-768x175.png 768w\" sizes=\"auto, (max-width: 897px) 100vw, 897px\" \/><\/figure>\n\n\n\n<p>A equipe da Pol\u00edcia Militar de Uni\u00e3o da Vit\u00f3ria foi acionada para atendimento de ocorr\u00eancia de perturba\u00e7\u00e3o do sossego no bairro S\u00e3o Braz por volta das 21h46min dessa quinta-feira (04).<\/p>\n\n\n\n<p>No local, a equipe policial constatou que um homem estava perturbando a tranquilidade dos moradores e ao localizar o suspeito e dar voz de abordagem por v\u00e1rias vezes veio a desobedecer as<br>ordens legais emanadas pela equipe policial.<\/p>\n\n\n\n<p>Diante dos fatos o autor foi encaminhado ao cart\u00f3rio do 27\u00b0 BPM para lavratura do Termo Circunstanciado e posteriormente liberado.<\/p>\n\n\n\n<figure class=\"wp-block-image size-full\"><img loading=\"lazy\" decoding=\"async\" width=\"300\" height=\"180\" src=\"https:\/\/radiostudiow.com.br\/site\/wp-content\/uploads\/2025\/08\/LILO.png\" alt=\"\" class=\"wp-image-41962\"\/><\/figure>\n","protected":false},"excerpt":{"rendered":"<p>A equipe da Pol\u00edcia Militar de Uni\u00e3o da Vit\u00f3ria foi acionada para atendimento de ocorr\u00eancia de perturba\u00e7\u00e3o do sossego no bairro S\u00e3o Braz por volta das 21h46min dessa quinta-feira (04). No local, a equipe policial constatou que um homem estava perturbando a tranquilidade dos moradores e ao localizar o suspeito e dar voz de abordagem [&hellip;]<\/p>\n","protected":false},"author":2,"featured_media":38633,"comment_status":"open","ping_status":"open","sticky":false,"template":"","format":"standard","meta":{"footnotes":""},"categories":[2],"tags":[172],"class_list":["post-45278","post","type-post","status-publish","format-standard","has-post-thumbnail","hentry","category-policial","tag-featured"],"amp_enabled":true,"_links":{"self":[{"href":"https:\/\/radiostudiow.com.br\/site\/wp-json\/wp\/v2\/posts\/45278","targetHints":{"allow":["GET"]}}],"collection":[{"href":"https:\/\/radiostudiow.com.br\/site\/wp-json\/wp\/v2\/posts"}],"about":[{"href":"https:\/\/radiostudiow.com.br\/site\/wp-json\/wp\/v2\/types\/post"}],"author":[{"embeddable":true,"href":"https:\/\/radiostudiow.com.br\/site\/wp-json\/wp\/v2\/users\/2"}],"replies":[{"embeddable":true,"href":"https:\/\/radiostudiow.com.br\/site\/wp-json\/wp\/v2\/comments?post=45278"}],"version-history":[{"count":1,"href":"https:\/\/radiostudiow.com.br\/site\/wp-json\/wp\/v2\/posts\/45278\/revisions"}],"predecessor-version":[{"id":45279,"href":"https:\/\/radiostudiow.com.br\/site\/wp-json\/wp\/v2\/posts\/45278\/revisions\/45279"}],"wp:featuredmedia":[{"embeddable":true,"href":"https:\/\/radiostudiow.com.br\/site\/wp-json\/wp\/v2\/media\/38633"}],"wp:attachment":[{"href":"https:\/\/radiostudiow.com.br\/site\/wp-json\/wp\/v2\/media?parent=45278"}],"wp:term":[{"taxonomy":"category","embeddable":true,"href":"https:\/\/radiostudiow.com.br\/site\/wp-json\/wp\/v2\/categories?post=45278"},{"taxonomy":"post_tag","embeddable":true,"href":"https:\/\/radiostudiow.com.br\/site\/wp-json\/wp\/v2\/tags?post=45278"}],"curies":[{"name":"wp","href":"https:\/\/api.w.org\/{rel}","templated":true}]}}