{"id":45287,"date":"2025-12-05T17:13:12","date_gmt":"2025-12-05T20:13:12","guid":{"rendered":"https:\/\/radiostudiow.com.br\/site\/?p=45287"},"modified":"2025-12-05T17:29:23","modified_gmt":"2025-12-05T20:29:23","slug":"homem-e-morto-apos-discussao-por-som-alto-em-irineopolis","status":"publish","type":"post","link":"https:\/\/radiostudiow.com.br\/site\/2025\/12\/05\/homem-e-morto-apos-discussao-por-som-alto-em-irineopolis\/","title":{"rendered":"Homem \u00e9 morto pelo pr\u00f3prio irm\u00e3o ap\u00f3s discuss\u00e3o por som alto em Irine\u00f3polis"},"content":{"rendered":"\n<figure class=\"wp-block-image size-full\"><img loading=\"lazy\" decoding=\"async\" width=\"897\" height=\"204\" src=\"https:\/\/radiostudiow.com.br\/site\/wp-content\/uploads\/2025\/03\/image-62.png\" alt=\"\" class=\"wp-image-35859\" srcset=\"https:\/\/radiostudiow.com.br\/site\/wp-content\/uploads\/2025\/03\/image-62.png 897w, https:\/\/radiostudiow.com.br\/site\/wp-content\/uploads\/2025\/03\/image-62-300x68.png 300w, https:\/\/radiostudiow.com.br\/site\/wp-content\/uploads\/2025\/03\/image-62-768x175.png 768w\" sizes=\"auto, (max-width: 897px) 100vw, 897px\" \/><\/figure>\n\n\n\n<p>Foi identificado como Jos\u00e9 Loiri Vianna, de 51 anos, o homem encontrado morto na noite de quinta-feira (04) em Irine\u00f3polis, ap\u00f3s uma discuss\u00e3o familiar. Segundo informa\u00e7\u00f5es da Pol\u00edcia Militar, Jos\u00e9 teria sido atingido por um disparo de arma de fogo efetuado pelo pr\u00f3prio irm\u00e3o durante um desentendimento motivado por som alto.<\/p>\n\n\n\n<p>O Corpo de Bombeiros foi acionado para prestar atendimento, por\u00e9m, ao chegarem ao local, a v\u00edtima j\u00e1 estava sem sinais vitais. O autor fugiu logo ap\u00f3s o crime e ainda n\u00e3o foi localizado.<\/p>\n\n\n\n<p>A Pol\u00edcia Cient\u00edfica e a Pol\u00edcia Civil estiveram na resid\u00eancia para os procedimentos periciais e in\u00edcio da investiga\u00e7\u00e3o. As circunst\u00e2ncias do homic\u00eddio seguem sendo apuradas.<\/p>\n\n\n\n<figure class=\"wp-block-image size-full\"><img loading=\"lazy\" decoding=\"async\" width=\"598\" height=\"204\" src=\"https:\/\/radiostudiow.com.br\/site\/wp-content\/uploads\/2024\/10\/labirati.png\" alt=\"\" class=\"wp-image-28854\" srcset=\"https:\/\/radiostudiow.com.br\/site\/wp-content\/uploads\/2024\/10\/labirati.png 598w, https:\/\/radiostudiow.com.br\/site\/wp-content\/uploads\/2024\/10\/labirati-300x102.png 300w\" sizes=\"auto, (max-width: 598px) 100vw, 598px\" \/><\/figure>\n\n\n\n<p><strong>Informa\u00e7\u00f5es de vel\u00f3rio e sepultamento<\/strong><\/p>\n\n\n\n<p>De acordo com a Funer\u00e1ria Schafaschek e familiares, o corpo de Jos\u00e9 Loiri Vianna, mais conhecido como Z\u00e9, est\u00e1 sendo velado a partir das 18h30 desta sexta-feira (05), na Capela Mortu\u00e1ria de S\u00e3o Pascoal, em Irine\u00f3polis.<\/p>\n\n\n\n<p>O sepultamento est\u00e1 previsto para amanh\u00e3, com celebra\u00e7\u00e3o \u00e0s 8h, seguindo posteriormente para o cemit\u00e9rio local.<\/p>\n\n\n\n<p class=\"has-text-align-center\"><em><strong>Fonte: Assis O Rep\u00f3ter<\/strong><\/em><\/p>\n\n\n\n<p><\/p>\n","protected":false},"excerpt":{"rendered":"<p>Foi identificado como Jos\u00e9 Loiri Vianna, de 51 anos, o homem encontrado morto na noite de quinta-feira (04) em Irine\u00f3polis, ap\u00f3s uma discuss\u00e3o familiar. Segundo informa\u00e7\u00f5es da Pol\u00edcia Militar, Jos\u00e9 teria sido atingido por um disparo de arma de fogo efetuado pelo pr\u00f3prio irm\u00e3o durante um desentendimento motivado por som alto. O Corpo de Bombeiros [&hellip;]<\/p>\n","protected":false},"author":2,"featured_media":45298,"comment_status":"open","ping_status":"open","sticky":false,"template":"","format":"standard","meta":{"footnotes":""},"categories":[2],"tags":[172],"class_list":["post-45287","post","type-post","status-publish","format-standard","has-post-thumbnail","hentry","category-policial","tag-featured"],"amp_enabled":true,"_links":{"self":[{"href":"https:\/\/radiostudiow.com.br\/site\/wp-json\/wp\/v2\/posts\/45287","targetHints":{"allow":["GET"]}}],"collection":[{"href":"https:\/\/radiostudiow.com.br\/site\/wp-json\/wp\/v2\/posts"}],"about":[{"href":"https:\/\/radiostudiow.com.br\/site\/wp-json\/wp\/v2\/types\/post"}],"author":[{"embeddable":true,"href":"https:\/\/radiostudiow.com.br\/site\/wp-json\/wp\/v2\/users\/2"}],"replies":[{"embeddable":true,"href":"https:\/\/radiostudiow.com.br\/site\/wp-json\/wp\/v2\/comments?post=45287"}],"version-history":[{"count":2,"href":"https:\/\/radiostudiow.com.br\/site\/wp-json\/wp\/v2\/posts\/45287\/revisions"}],"predecessor-version":[{"id":45299,"href":"https:\/\/radiostudiow.com.br\/site\/wp-json\/wp\/v2\/posts\/45287\/revisions\/45299"}],"wp:featuredmedia":[{"embeddable":true,"href":"https:\/\/radiostudiow.com.br\/site\/wp-json\/wp\/v2\/media\/45298"}],"wp:attachment":[{"href":"https:\/\/radiostudiow.com.br\/site\/wp-json\/wp\/v2\/media?parent=45287"}],"wp:term":[{"taxonomy":"category","embeddable":true,"href":"https:\/\/radiostudiow.com.br\/site\/wp-json\/wp\/v2\/categories?post=45287"},{"taxonomy":"post_tag","embeddable":true,"href":"https:\/\/radiostudiow.com.br\/site\/wp-json\/wp\/v2\/tags?post=45287"}],"curies":[{"name":"wp","href":"https:\/\/api.w.org\/{rel}","templated":true}]}}