{"id":45290,"date":"2025-12-05T17:27:14","date_gmt":"2025-12-05T20:27:14","guid":{"rendered":"https:\/\/radiostudiow.com.br\/site\/?p=45290"},"modified":"2025-12-05T17:27:14","modified_gmt":"2025-12-05T20:27:14","slug":"policia-civil-deflagra-megaoperacao-com-114-ordens-judiciais-contra-organizacao-criminosa-nas-regioes-sudoeste-sul-e-norte-pioneiro-do-parana","status":"publish","type":"post","link":"https:\/\/radiostudiow.com.br\/site\/2025\/12\/05\/policia-civil-deflagra-megaoperacao-com-114-ordens-judiciais-contra-organizacao-criminosa-nas-regioes-sudoeste-sul-e-norte-pioneiro-do-parana\/","title":{"rendered":"POL\u00cdCIA CIVIL DEFLAGRA MEGAOPERA\u00c7\u00c3O COM 114 ORDENS JUDICIAIS CONTRA ORGANIZA\u00c7\u00c3O CRIMINOSA NAS REGI\u00d5ES SUDOESTE, SUL E NORTE PIONEIRO DO PARAN\u00c1"},"content":{"rendered":"\n<figure class=\"wp-block-image size-full\"><img loading=\"lazy\" decoding=\"async\" width=\"897\" height=\"204\" src=\"https:\/\/radiostudiow.com.br\/site\/wp-content\/uploads\/2025\/06\/BARROS.png\" alt=\"\" class=\"wp-image-39575\" srcset=\"https:\/\/radiostudiow.com.br\/site\/wp-content\/uploads\/2025\/06\/BARROS.png 897w, https:\/\/radiostudiow.com.br\/site\/wp-content\/uploads\/2025\/06\/BARROS-300x68.png 300w, https:\/\/radiostudiow.com.br\/site\/wp-content\/uploads\/2025\/06\/BARROS-768x175.png 768w\" sizes=\"auto, (max-width: 897px) 100vw, 897px\" \/><\/figure>\n\n\n\n<p>A Pol\u00edcia Civil do Paran\u00e1 (PCPR), por meio da 60\u00aa Delegacia Regional de Pol\u00edcia de Dois Vizinhos, deflagra na manh\u00e3 desta sexta-feira (05) uma megaopera\u00e7\u00e3o contra 60 integrantes de uma organiza\u00e7\u00e3o criminosa com atua\u00e7\u00e3o nas regi\u00f5es Sudoeste, Sul e Norte Pioneiro do estado do Paran\u00e1.<\/p>\n\n\n\n<p>A a\u00e7\u00e3o que tamb\u00e9m conta com o apoio da Pol\u00edcia Militar do Paran\u00e1 (PMPR) e da Pol\u00edcia Penal do Paran\u00e1 (PPPR) acontece simultaneamente nos munic\u00edpios paranaenses de Dois Vizinhos, Cruzeiro do Igua\u00e7u, Francisco Beltr\u00e3o, Marmeleiro, Salto do Lontra, Barrac\u00e3o, Santo Ant\u00f4nio do Sudoeste, Capanema, Pato Branco, Coronel Vivida, Mangueirinha, Palmas, Clevel\u00e2ndia, Itapejara D\u2019Oeste, Uni\u00e3o da Vit\u00f3ria e Siqueira Campos.<\/p>\n\n\n\n<p>Mais de 200 policiais, in\u00fameras viaturas, um helic\u00f3ptero e c\u00e3es de faro, est\u00e3o nas ruas para o cumprimento de 114 ordens judiciais, sendo 60 mandados de pris\u00f5es preventivas e 54 mandados de buscas domiciliares. As medidas cautelares foram deferidas ap\u00f3s representa\u00e7\u00e3o da PCPR junto ao ju\u00edzo das garantias da Comarca de Dois Vizinhos.<\/p>\n\n\n\n<figure class=\"wp-block-image size-full\"><img loading=\"lazy\" decoding=\"async\" width=\"598\" height=\"204\" src=\"https:\/\/radiostudiow.com.br\/site\/wp-content\/uploads\/2025\/05\/POLAK.png\" alt=\"\" class=\"wp-image-37847\" srcset=\"https:\/\/radiostudiow.com.br\/site\/wp-content\/uploads\/2025\/05\/POLAK.png 598w, https:\/\/radiostudiow.com.br\/site\/wp-content\/uploads\/2025\/05\/POLAK-300x102.png 300w\" sizes=\"auto, (max-width: 598px) 100vw, 598px\" \/><\/figure>\n\n\n\n<p>Dos 60 investigados, 09 j\u00e1 est\u00e3o no sistema prisional, com novos mandados de pris\u00f5es e buscas nas celas sendo cumpridos por policiais penais.<\/p>\n\n\n\n<p>Segundo o Delegado da PCPR, Rafael Tavares, <strong><em>\u201cas investiga\u00e7\u00f5es iniciaram em outubro desse ano e o grupo \u00e9 apontado como uma das c\u00e9lulas de uma organiza\u00e7\u00e3o criminosa de atua\u00e7\u00e3o nacional e que aqui no Paran\u00e1 estariam se reunindo em grupos de aplicativos de mensagens para praticarem crimes como homic\u00eddios, tr\u00e1fico de drogas, venda de armas de fogo e avisar sobre opera\u00e7\u00f5es policiais. A maioria dos alvos tamb\u00e9m se apresentava como disciplina da organiza\u00e7\u00e3o criminosa, sendo respons\u00e1veis por propagar e manter a ideologia da fac\u00e7\u00e3o, al\u00e9m de fiscalizar e corrigir ou punir as a\u00e7\u00f5es de seus integrantes\u201d.<\/em><\/strong><\/p>\n\n\n\n<figure class=\"wp-block-image size-large\"><img loading=\"lazy\" decoding=\"async\" width=\"1024\" height=\"461\" src=\"https:\/\/radiostudiow.com.br\/site\/wp-content\/uploads\/2025\/12\/image-20-1024x461.png\" alt=\"\" class=\"wp-image-45292\" srcset=\"https:\/\/radiostudiow.com.br\/site\/wp-content\/uploads\/2025\/12\/image-20-1024x461.png 1024w, https:\/\/radiostudiow.com.br\/site\/wp-content\/uploads\/2025\/12\/image-20-300x135.png 300w, https:\/\/radiostudiow.com.br\/site\/wp-content\/uploads\/2025\/12\/image-20-768x346.png 768w, https:\/\/radiostudiow.com.br\/site\/wp-content\/uploads\/2025\/12\/image-20-1536x692.png 1536w, https:\/\/radiostudiow.com.br\/site\/wp-content\/uploads\/2025\/12\/image-20.png 1600w\" sizes=\"auto, (max-width: 1024px) 100vw, 1024px\" \/><\/figure>\n\n\n\n<p>A Delegada da PCPR, Nat\u00e1lia Morari, acrescentou que<strong> <em>\u201cos alvos contam com v\u00e1rios antecedentes criminais, muitos est\u00e3o sob monitoramento eletr\u00f4nico e mesmo assim n\u00e3o cessaram as condutas criminosas. As investiga\u00e7\u00f5es demonstraram que eles realizavam reuni\u00f5es online para ajustarem crimes e tamb\u00e9m prestarem contas aos demais membros. Circulava ainda uma lista de integrantes do grupo considerados traidores da fac\u00e7\u00e3o e que estavam sendo procurados para serem punidos\u201d.<\/em><\/strong><\/p>\n\n\n\n<p>Os resultados da opera\u00e7\u00e3o \u201cDISCIPLINA 046\u201d ser\u00e3o divulgados em coletiva de imprensa a ser realizada \u00e0s 10:00 horas, na 60\u00aa Delegacia Regional de Dois Vizinhos (Av. Rio Grande do Sul, 927, Centro) e tamb\u00e9m posteriormente pela Assessoria da Comunica\u00e7\u00e3o da PCPR.<\/p>\n\n\n\n<figure class=\"wp-block-image size-full\"><img loading=\"lazy\" decoding=\"async\" width=\"300\" height=\"180\" src=\"https:\/\/radiostudiow.com.br\/site\/wp-content\/uploads\/2024\/01\/SITE-PEQUENO.png\" alt=\"\" class=\"wp-image-18945\"\/><\/figure>\n\n\n\n<figure class=\"wp-block-video\"><video height=\"864\" style=\"aspect-ratio: 480 \/ 864;\" width=\"480\" controls src=\"https:\/\/radiostudiow.com.br\/site\/wp-content\/uploads\/2025\/12\/WhatsApp-Video-2025-12-05-at-16.48.44.mp4\"><\/video><\/figure>\n","protected":false},"excerpt":{"rendered":"<p>A Pol\u00edcia Civil do Paran\u00e1 (PCPR), por meio da 60\u00aa Delegacia Regional de Pol\u00edcia de Dois Vizinhos, deflagra na manh\u00e3 desta sexta-feira (05) uma megaopera\u00e7\u00e3o contra 60 integrantes de uma organiza\u00e7\u00e3o criminosa com atua\u00e7\u00e3o nas regi\u00f5es Sudoeste, Sul e Norte Pioneiro do estado do Paran\u00e1. A a\u00e7\u00e3o que tamb\u00e9m conta com o apoio da Pol\u00edcia [&hellip;]<\/p>\n","protected":false},"author":2,"featured_media":45291,"comment_status":"open","ping_status":"open","sticky":false,"template":"","format":"standard","meta":{"footnotes":""},"categories":[2],"tags":[172],"class_list":["post-45290","post","type-post","status-publish","format-standard","has-post-thumbnail","hentry","category-policial","tag-featured"],"amp_enabled":true,"_links":{"self":[{"href":"https:\/\/radiostudiow.com.br\/site\/wp-json\/wp\/v2\/posts\/45290","targetHints":{"allow":["GET"]}}],"collection":[{"href":"https:\/\/radiostudiow.com.br\/site\/wp-json\/wp\/v2\/posts"}],"about":[{"href":"https:\/\/radiostudiow.com.br\/site\/wp-json\/wp\/v2\/types\/post"}],"author":[{"embeddable":true,"href":"https:\/\/radiostudiow.com.br\/site\/wp-json\/wp\/v2\/users\/2"}],"replies":[{"embeddable":true,"href":"https:\/\/radiostudiow.com.br\/site\/wp-json\/wp\/v2\/comments?post=45290"}],"version-history":[{"count":1,"href":"https:\/\/radiostudiow.com.br\/site\/wp-json\/wp\/v2\/posts\/45290\/revisions"}],"predecessor-version":[{"id":45294,"href":"https:\/\/radiostudiow.com.br\/site\/wp-json\/wp\/v2\/posts\/45290\/revisions\/45294"}],"wp:featuredmedia":[{"embeddable":true,"href":"https:\/\/radiostudiow.com.br\/site\/wp-json\/wp\/v2\/media\/45291"}],"wp:attachment":[{"href":"https:\/\/radiostudiow.com.br\/site\/wp-json\/wp\/v2\/media?parent=45290"}],"wp:term":[{"taxonomy":"category","embeddable":true,"href":"https:\/\/radiostudiow.com.br\/site\/wp-json\/wp\/v2\/categories?post=45290"},{"taxonomy":"post_tag","embeddable":true,"href":"https:\/\/radiostudiow.com.br\/site\/wp-json\/wp\/v2\/tags?post=45290"}],"curies":[{"name":"wp","href":"https:\/\/api.w.org\/{rel}","templated":true}]}}