{"id":45300,"date":"2025-12-05T17:31:55","date_gmt":"2025-12-05T20:31:55","guid":{"rendered":"https:\/\/radiostudiow.com.br\/site\/?p=45300"},"modified":"2025-12-05T17:31:56","modified_gmt":"2025-12-05T20:31:56","slug":"pcpr-prende-casal-em-flagrante-por-trafico-de-drogas-e-descumprimento-de-medidas-protetivas-em-irati","status":"publish","type":"post","link":"https:\/\/radiostudiow.com.br\/site\/2025\/12\/05\/pcpr-prende-casal-em-flagrante-por-trafico-de-drogas-e-descumprimento-de-medidas-protetivas-em-irati\/","title":{"rendered":"PCPR prende casal em flagrante por Tr\u00e1fico de Drogas e Descumprimento de Medidas Protetivas em Irati"},"content":{"rendered":"\n<figure class=\"wp-block-image size-full\"><img loading=\"lazy\" decoding=\"async\" width=\"897\" height=\"204\" src=\"https:\/\/radiostudiow.com.br\/site\/wp-content\/uploads\/2025\/01\/SITE-GRANDE3.png\" alt=\"\" class=\"wp-image-32900\" srcset=\"https:\/\/radiostudiow.com.br\/site\/wp-content\/uploads\/2025\/01\/SITE-GRANDE3.png 897w, https:\/\/radiostudiow.com.br\/site\/wp-content\/uploads\/2025\/01\/SITE-GRANDE3-300x68.png 300w, https:\/\/radiostudiow.com.br\/site\/wp-content\/uploads\/2025\/01\/SITE-GRANDE3-768x175.png 768w\" sizes=\"auto, (max-width: 897px) 100vw, 897px\" \/><\/figure>\n\n\n\n<p>A Pol\u00edcia Civil do Paran\u00e1 (PCPR), atrav\u00e9s da 41\u00aa Delegacia Regional de Pol\u00edcia de Irati, em a\u00e7\u00e3o realizada na tarde desta quarta-feira&nbsp; (04\/12\/2025),&nbsp;prendeu em flagrante uma mulher (36 anos) e um homem&nbsp;(28 anos), pelos crimes de Tr\u00e1fico de Drogas e Descumprimento de Medidas Protetivas de Urg\u00eancia. Os fatos ocorreram na Rua Coronel Pires, no Bairro Centro.<\/p>\n\n\n\n<p>A a\u00e7\u00e3o teve in\u00edcio ap\u00f3s equipe da Delegacia de Irati, durante a realiza\u00e7\u00e3o de dilig\u00eancias externas, ao trafegar pela Rua Coronel Pires, visualizar uma aparente transa\u00e7\u00e3o de drogas em frente a uma resid\u00eancia. Os agentes constataram uma mulher entregando um objeto a um motociclista.<\/p>\n\n\n\n<p>O motociclista foi imediatamente abordado e, em revista, foi encontrado um inv\u00f3lucro pl\u00e1stico contendo aproximadamente sete gramas de maconha. O usu\u00e1rio confirmou ter adquirido a droga no local e pago certa quantia \u00e0 noticiada.<\/p>\n\n\n\n<figure class=\"wp-block-image size-full\"><img loading=\"lazy\" decoding=\"async\" width=\"598\" height=\"204\" src=\"https:\/\/radiostudiow.com.br\/site\/wp-content\/uploads\/2025\/04\/BOROX.png\" alt=\"\" class=\"wp-image-37229\" srcset=\"https:\/\/radiostudiow.com.br\/site\/wp-content\/uploads\/2025\/04\/BOROX.png 598w, https:\/\/radiostudiow.com.br\/site\/wp-content\/uploads\/2025\/04\/BOROX-300x102.png 300w\" sizes=\"auto, (max-width: 598px) 100vw, 598px\" \/><\/figure>\n\n\n\n<p>Durante as buscas na resid\u00eancia, a equipe encontrou itens que confirmam a pr\u00e1tica de trafic\u00e2ncia: balan\u00e7a de precis\u00e3o, dinheiro em esp\u00e9cie e um rolo de papel pl\u00e1stico id\u00eantico ao utilizado para embalar a droga localizada com o abordado.<\/p>\n\n\n\n<p>Al\u00e9m do delito de tr\u00e1fico de drogas, foi constatado que o companheiro da noticiada, em desfavor do qual h\u00e1 medidas protetivas de urg\u00eancia que o impedem de ser aproximar dos filhos dela, encontrava-se na resid\u00eancia, ocasionando sua condu\u00e7\u00e3o \u00e0 delegacia&nbsp; por Descumprimento de Medidas Protetivas de Urg\u00eancia, estabelecidas pela Lei Henry Borel (Lei n\u00ba 14.344\/22).<\/p>\n\n\n\n<p>&nbsp;A mulher tamb\u00e9m foi autuada pelo descumprimento das medidas, na modalidade omissiva, por ter permitido a perman\u00eancia do agressor em contato com as v\u00edtimas protegidas judicialmente.<\/p>\n\n\n\n<figure class=\"wp-block-image size-full\"><img loading=\"lazy\" decoding=\"async\" width=\"494\" height=\"285\" src=\"https:\/\/radiostudiow.com.br\/site\/wp-content\/uploads\/2025\/11\/sobanski-arte.jpg\" alt=\"\" class=\"wp-image-44763\" srcset=\"https:\/\/radiostudiow.com.br\/site\/wp-content\/uploads\/2025\/11\/sobanski-arte.jpg 494w, https:\/\/radiostudiow.com.br\/site\/wp-content\/uploads\/2025\/11\/sobanski-arte-300x173.jpg 300w\" sizes=\"auto, (max-width: 494px) 100vw, 494px\" \/><\/figure>\n\n\n\n<p>Diante dos fatos, o Delegado que presidiu o procedimento ratificou as pris\u00f5es em flagrante. Os dois indiv\u00edduos foram recolhidos ao setor de carceragem tempor\u00e1ria da Cadeia P\u00fablica de Irati, onde permanecem \u00e0 disposi\u00e7\u00e3o da Justi\u00e7a.<\/p>\n\n\n\n<p><em><strong>A PCPR solicita a colabora\u00e7\u00e3o da popula\u00e7\u00e3o com informa\u00e7\u00f5es que auxiliem nas investiga\u00e7\u00f5es de crimes de tr\u00e1fico de drogas. As den\u00fancias podem ser feitas de forma an\u00f4nima pelos n\u00fameros 197 e 181.<\/strong><\/em><\/p>\n","protected":false},"excerpt":{"rendered":"<p>A Pol\u00edcia Civil do Paran\u00e1 (PCPR), atrav\u00e9s da 41\u00aa Delegacia Regional de Pol\u00edcia de Irati, em a\u00e7\u00e3o realizada na tarde desta quarta-feira&nbsp; (04\/12\/2025),&nbsp;prendeu em flagrante uma mulher (36 anos) e um homem&nbsp;(28 anos), pelos crimes de Tr\u00e1fico de Drogas e Descumprimento de Medidas Protetivas de Urg\u00eancia. Os fatos ocorreram na Rua Coronel Pires, no Bairro [&hellip;]<\/p>\n","protected":false},"author":2,"featured_media":45301,"comment_status":"open","ping_status":"open","sticky":false,"template":"","format":"standard","meta":{"footnotes":""},"categories":[2],"tags":[172],"class_list":["post-45300","post","type-post","status-publish","format-standard","has-post-thumbnail","hentry","category-policial","tag-featured"],"amp_enabled":true,"_links":{"self":[{"href":"https:\/\/radiostudiow.com.br\/site\/wp-json\/wp\/v2\/posts\/45300","targetHints":{"allow":["GET"]}}],"collection":[{"href":"https:\/\/radiostudiow.com.br\/site\/wp-json\/wp\/v2\/posts"}],"about":[{"href":"https:\/\/radiostudiow.com.br\/site\/wp-json\/wp\/v2\/types\/post"}],"author":[{"embeddable":true,"href":"https:\/\/radiostudiow.com.br\/site\/wp-json\/wp\/v2\/users\/2"}],"replies":[{"embeddable":true,"href":"https:\/\/radiostudiow.com.br\/site\/wp-json\/wp\/v2\/comments?post=45300"}],"version-history":[{"count":1,"href":"https:\/\/radiostudiow.com.br\/site\/wp-json\/wp\/v2\/posts\/45300\/revisions"}],"predecessor-version":[{"id":45302,"href":"https:\/\/radiostudiow.com.br\/site\/wp-json\/wp\/v2\/posts\/45300\/revisions\/45302"}],"wp:featuredmedia":[{"embeddable":true,"href":"https:\/\/radiostudiow.com.br\/site\/wp-json\/wp\/v2\/media\/45301"}],"wp:attachment":[{"href":"https:\/\/radiostudiow.com.br\/site\/wp-json\/wp\/v2\/media?parent=45300"}],"wp:term":[{"taxonomy":"category","embeddable":true,"href":"https:\/\/radiostudiow.com.br\/site\/wp-json\/wp\/v2\/categories?post=45300"},{"taxonomy":"post_tag","embeddable":true,"href":"https:\/\/radiostudiow.com.br\/site\/wp-json\/wp\/v2\/tags?post=45300"}],"curies":[{"name":"wp","href":"https:\/\/api.w.org\/{rel}","templated":true}]}}