{"id":45303,"date":"2025-12-05T18:06:54","date_gmt":"2025-12-05T21:06:54","guid":{"rendered":"https:\/\/radiostudiow.com.br\/site\/?p=45303"},"modified":"2025-12-05T18:06:54","modified_gmt":"2025-12-05T21:06:54","slug":"caminhao-carregado-com-fecula-tomba-na-pr-170-em-bituruna","status":"publish","type":"post","link":"https:\/\/radiostudiow.com.br\/site\/2025\/12\/05\/caminhao-carregado-com-fecula-tomba-na-pr-170-em-bituruna\/","title":{"rendered":"Caminh\u00e3o carregado com f\u00e9cula tomba na PR-170 em Bituruna"},"content":{"rendered":"\n<figure class=\"wp-block-image size-full\"><img loading=\"lazy\" decoding=\"async\" width=\"897\" height=\"204\" src=\"https:\/\/radiostudiow.com.br\/site\/wp-content\/uploads\/2025\/03\/image-62.png\" alt=\"\" class=\"wp-image-35859\" srcset=\"https:\/\/radiostudiow.com.br\/site\/wp-content\/uploads\/2025\/03\/image-62.png 897w, https:\/\/radiostudiow.com.br\/site\/wp-content\/uploads\/2025\/03\/image-62-300x68.png 300w, https:\/\/radiostudiow.com.br\/site\/wp-content\/uploads\/2025\/03\/image-62-768x175.png 768w\" sizes=\"auto, (max-width: 897px) 100vw, 897px\" \/><\/figure>\n\n\n\n<p>A equipe da 6\u00aa Companhia do Batalh\u00e3o de Pol\u00edcia Rodovi\u00e1ria foi acionada para atender um acidente do tipo n\u00e3o identificado, registrado por volta das 18h00, na PR-170, Km 488+100 metros, em Bituruna na tarde de quinta-feira (04).<\/p>\n\n\n\n<p>O acidente envolveu um caminh\u00e3o (V-01) que transitava pela rodovia no sentido Usina de Foz do Areia \u2013 Bituruna. Ao atingir o KM 488+480 metros, o ve\u00edculo saiu da pista e tombou \u00e0s margens da rodovia. O caminh\u00e3o estava carregado com f\u00e9cula e, com o tombamento, parte da carga se espalhou devido ao rompimento das embalagens.<\/p>\n\n\n\n<figure class=\"wp-block-image size-full\"><img loading=\"lazy\" decoding=\"async\" width=\"897\" height=\"204\" src=\"https:\/\/radiostudiow.com.br\/site\/wp-content\/uploads\/2025\/05\/NUTRI-MALLET.png\" alt=\"\" class=\"wp-image-37813\" srcset=\"https:\/\/radiostudiow.com.br\/site\/wp-content\/uploads\/2025\/05\/NUTRI-MALLET.png 897w, https:\/\/radiostudiow.com.br\/site\/wp-content\/uploads\/2025\/05\/NUTRI-MALLET-300x68.png 300w, https:\/\/radiostudiow.com.br\/site\/wp-content\/uploads\/2025\/05\/NUTRI-MALLET-768x175.png 768w\" sizes=\"auto, (max-width: 897px) 100vw, 897px\" \/><\/figure>\n\n\n\n<p>O condutor sofreu ferimentos e recebeu atendimento imediato das equipes presentes no local. A Defesa Civil de Bituruna realizou o primeiro atendimento, e o motorista foi encaminhado ao hospital de Bituruna pelo SAMU.<\/p>\n\n\n\n<p>No momento da chegada da equipe policial, o local j\u00e1 contava com o apoio do DPM de Bituruna, Defesa Civil e SAMU, que prestavam assist\u00eancia ao condutor.<\/p>\n\n\n\n<p class=\"has-text-align-center\"><strong><em>Fonte: PRE\/Assis O Rep\u00f3rter<\/em><\/strong><a href=\"https:\/\/www.facebook.com\/photo\/?fbid=122206387988355431&amp;set=a.122112464408355431&amp;__cft__[0]=AZW1FznEPS7btGKxgDvHPiJZDRML9uAahfZVQdQHglD51bNzX2gM-V0tqunz5rU9ng1aYeq9OWjyqhMEywSzxTl34qptygZ0I8R4zhU_0dN-iLHd2Cvho-V3E2gD0xNMO62eNqrqmceRKjzpE9MKBTqy9KSxix7nH0DQI3wBKqTWUw&amp;__tn__=EH-R\"><\/a><\/p>\n","protected":false},"excerpt":{"rendered":"<p>A equipe da 6\u00aa Companhia do Batalh\u00e3o de Pol\u00edcia Rodovi\u00e1ria foi acionada para atender um acidente do tipo n\u00e3o identificado, registrado por volta das 18h00, na PR-170, Km 488+100 metros, em Bituruna na tarde de quinta-feira (04). O acidente envolveu um caminh\u00e3o (V-01) que transitava pela rodovia no sentido Usina de Foz do Areia \u2013 [&hellip;]<\/p>\n","protected":false},"author":2,"featured_media":45305,"comment_status":"open","ping_status":"open","sticky":false,"template":"","format":"standard","meta":{"footnotes":""},"categories":[185],"tags":[172],"class_list":["post-45303","post","type-post","status-publish","format-standard","has-post-thumbnail","hentry","category-regional","tag-featured"],"amp_enabled":true,"_links":{"self":[{"href":"https:\/\/radiostudiow.com.br\/site\/wp-json\/wp\/v2\/posts\/45303","targetHints":{"allow":["GET"]}}],"collection":[{"href":"https:\/\/radiostudiow.com.br\/site\/wp-json\/wp\/v2\/posts"}],"about":[{"href":"https:\/\/radiostudiow.com.br\/site\/wp-json\/wp\/v2\/types\/post"}],"author":[{"embeddable":true,"href":"https:\/\/radiostudiow.com.br\/site\/wp-json\/wp\/v2\/users\/2"}],"replies":[{"embeddable":true,"href":"https:\/\/radiostudiow.com.br\/site\/wp-json\/wp\/v2\/comments?post=45303"}],"version-history":[{"count":2,"href":"https:\/\/radiostudiow.com.br\/site\/wp-json\/wp\/v2\/posts\/45303\/revisions"}],"predecessor-version":[{"id":45307,"href":"https:\/\/radiostudiow.com.br\/site\/wp-json\/wp\/v2\/posts\/45303\/revisions\/45307"}],"wp:featuredmedia":[{"embeddable":true,"href":"https:\/\/radiostudiow.com.br\/site\/wp-json\/wp\/v2\/media\/45305"}],"wp:attachment":[{"href":"https:\/\/radiostudiow.com.br\/site\/wp-json\/wp\/v2\/media?parent=45303"}],"wp:term":[{"taxonomy":"category","embeddable":true,"href":"https:\/\/radiostudiow.com.br\/site\/wp-json\/wp\/v2\/categories?post=45303"},{"taxonomy":"post_tag","embeddable":true,"href":"https:\/\/radiostudiow.com.br\/site\/wp-json\/wp\/v2\/tags?post=45303"}],"curies":[{"name":"wp","href":"https:\/\/api.w.org\/{rel}","templated":true}]}}