{"id":45309,"date":"2025-12-05T18:59:01","date_gmt":"2025-12-05T21:59:01","guid":{"rendered":"https:\/\/radiostudiow.com.br\/site\/?p=45309"},"modified":"2025-12-05T18:59:02","modified_gmt":"2025-12-05T21:59:02","slug":"ocorrencias-da-policia-militar-de-rio-azul-e-reboucas","status":"publish","type":"post","link":"https:\/\/radiostudiow.com.br\/site\/2025\/12\/05\/ocorrencias-da-policia-militar-de-rio-azul-e-reboucas\/","title":{"rendered":"Ocorr\u00eancias da Pol\u00edcia Militar de Rio Azul e Rebou\u00e7as"},"content":{"rendered":"\n<figure class=\"wp-block-image size-full\"><img loading=\"lazy\" decoding=\"async\" width=\"598\" height=\"204\" src=\"https:\/\/radiostudiow.com.br\/site\/wp-content\/uploads\/2024\/10\/labirati.png\" alt=\"\" class=\"wp-image-28854\" srcset=\"https:\/\/radiostudiow.com.br\/site\/wp-content\/uploads\/2024\/10\/labirati.png 598w, https:\/\/radiostudiow.com.br\/site\/wp-content\/uploads\/2024\/10\/labirati-300x102.png 300w\" sizes=\"auto, (max-width: 598px) 100vw, 598px\" \/><\/figure>\n\n\n\n<h2 class=\"wp-block-heading\">PM realizou visita comunit\u00e1ria em Rio Azul<\/h2>\n\n\n\n<p>A equipe da Pol\u00edcia Militar de Rio Azul realizou duas visitas comunit\u00e1rias de fiscaliza\u00e7\u00e3o de medida protetiva de urg\u00eancia na \u00e1rea central do munic\u00edpio por voltas das 19 horas dessa quinta-feira (04).<\/p>\n\n\n\n<h2 class=\"wp-block-heading\">PM realizou visita comunit\u00e1ria em Rebou\u00e7as<\/h2>\n\n\n\n<p>A equipe da Pol\u00edcia Militar realizou visita comunit\u00e1ria em vista o cumprimento de medida protetiva de urg\u00eancia por volta das 17 horas dessa quinta-feira (04).<\/p>\n\n\n\n<p>Sendo relatado pela mulher que est\u00e1 tudo certo e que n\u00e3o houve viola\u00e7\u00e3o da medida protetiva. Foram feitas orienta\u00e7\u00f5es e policiamento no local.<\/p>\n\n\n\n<p>Em uma segunda ocorr\u00eancia da Pol\u00edcia Militar de Rebou\u00e7as, foi acionada para averiguar um poss\u00edvel local de morte na localidade de Po\u00e7o Bonito por volta das 17 horas dessa quinta-feira (04).<\/p>\n\n\n\n<p>De acordo com o relat\u00f3rio policial, n\u00e3o foi constatado nenhuma morte no local indicado, sendo assim foi lavrado boletim de ocorr\u00eancia relatando o ocorrido para os devidos fins.<\/p>\n\n\n\n<figure class=\"wp-block-image size-full\"><img loading=\"lazy\" decoding=\"async\" width=\"731\" height=\"204\" src=\"https:\/\/radiostudiow.com.br\/site\/wp-content\/uploads\/2025\/10\/ZAIONS.png\" alt=\"\" class=\"wp-image-44147\" srcset=\"https:\/\/radiostudiow.com.br\/site\/wp-content\/uploads\/2025\/10\/ZAIONS.png 731w, https:\/\/radiostudiow.com.br\/site\/wp-content\/uploads\/2025\/10\/ZAIONS-300x84.png 300w\" sizes=\"auto, (max-width: 731px) 100vw, 731px\" \/><\/figure>\n\n\n\n<p><br><\/p>\n\n\n\n<p><\/p>\n","protected":false},"excerpt":{"rendered":"<p>PM realizou visita comunit\u00e1ria em Rio Azul A equipe da Pol\u00edcia Militar de Rio Azul realizou duas visitas comunit\u00e1rias de fiscaliza\u00e7\u00e3o de medida protetiva de urg\u00eancia na \u00e1rea central do munic\u00edpio por voltas das 19 horas dessa quinta-feira (04). PM realizou visita comunit\u00e1ria em Rebou\u00e7as A equipe da Pol\u00edcia Militar realizou visita comunit\u00e1ria em vista [&hellip;]<\/p>\n","protected":false},"author":2,"featured_media":1357,"comment_status":"open","ping_status":"open","sticky":false,"template":"","format":"standard","meta":{"footnotes":""},"categories":[2],"tags":[172],"class_list":["post-45309","post","type-post","status-publish","format-standard","has-post-thumbnail","hentry","category-policial","tag-featured"],"amp_enabled":true,"_links":{"self":[{"href":"https:\/\/radiostudiow.com.br\/site\/wp-json\/wp\/v2\/posts\/45309","targetHints":{"allow":["GET"]}}],"collection":[{"href":"https:\/\/radiostudiow.com.br\/site\/wp-json\/wp\/v2\/posts"}],"about":[{"href":"https:\/\/radiostudiow.com.br\/site\/wp-json\/wp\/v2\/types\/post"}],"author":[{"embeddable":true,"href":"https:\/\/radiostudiow.com.br\/site\/wp-json\/wp\/v2\/users\/2"}],"replies":[{"embeddable":true,"href":"https:\/\/radiostudiow.com.br\/site\/wp-json\/wp\/v2\/comments?post=45309"}],"version-history":[{"count":2,"href":"https:\/\/radiostudiow.com.br\/site\/wp-json\/wp\/v2\/posts\/45309\/revisions"}],"predecessor-version":[{"id":45314,"href":"https:\/\/radiostudiow.com.br\/site\/wp-json\/wp\/v2\/posts\/45309\/revisions\/45314"}],"wp:featuredmedia":[{"embeddable":true,"href":"https:\/\/radiostudiow.com.br\/site\/wp-json\/wp\/v2\/media\/1357"}],"wp:attachment":[{"href":"https:\/\/radiostudiow.com.br\/site\/wp-json\/wp\/v2\/media?parent=45309"}],"wp:term":[{"taxonomy":"category","embeddable":true,"href":"https:\/\/radiostudiow.com.br\/site\/wp-json\/wp\/v2\/categories?post=45309"},{"taxonomy":"post_tag","embeddable":true,"href":"https:\/\/radiostudiow.com.br\/site\/wp-json\/wp\/v2\/tags?post=45309"}],"curies":[{"name":"wp","href":"https:\/\/api.w.org\/{rel}","templated":true}]}}