{"id":45325,"date":"2025-12-06T12:13:03","date_gmt":"2025-12-06T15:13:03","guid":{"rendered":"https:\/\/radiostudiow.com.br\/site\/?p=45325"},"modified":"2025-12-06T12:13:04","modified_gmt":"2025-12-06T15:13:04","slug":"policia-civil-de-mallet-realiza-incineracao-de-drogas-e-armas-apreendidas","status":"publish","type":"post","link":"https:\/\/radiostudiow.com.br\/site\/2025\/12\/06\/policia-civil-de-mallet-realiza-incineracao-de-drogas-e-armas-apreendidas\/","title":{"rendered":"POL\u00cdCIA CIVIL DE MALLET REALIZA INCINERA\u00c7\u00c3O DE DROGAS E ARMAS APREENDIDAS"},"content":{"rendered":"\n<figure class=\"wp-block-image size-full\"><img loading=\"lazy\" decoding=\"async\" width=\"731\" height=\"204\" src=\"https:\/\/radiostudiow.com.br\/site\/wp-content\/uploads\/2025\/10\/ZAIONS.png\" alt=\"\" class=\"wp-image-44147\" srcset=\"https:\/\/radiostudiow.com.br\/site\/wp-content\/uploads\/2025\/10\/ZAIONS.png 731w, https:\/\/radiostudiow.com.br\/site\/wp-content\/uploads\/2025\/10\/ZAIONS-300x84.png 300w\" sizes=\"auto, (max-width: 731px) 100vw, 731px\" \/><\/figure>\n\n\n\n<p><\/p>\n\n\n\n<p>A 10\u00aa Delegacia Regional da Pol\u00edcia Civil de Mallet realizou, nesta sexta-feira (05), a incinera\u00e7\u00e3o de subst\u00e2ncias entorpecentes, entre elas maconha e coca\u00edna, al\u00e9m de armas e diversos objetos cuja destrui\u00e7\u00e3o foi autorizada pelo Poder Judici\u00e1rio. A a\u00e7\u00e3o integrou a <strong>Opera\u00e7\u00e3o CODESUL II<\/strong>, realizada de forma simult\u00e2nea em diversos estados.<\/p>\n\n\n\n<figure class=\"wp-block-image size-large\"><img loading=\"lazy\" decoding=\"async\" width=\"1024\" height=\"768\" src=\"https:\/\/radiostudiow.com.br\/site\/wp-content\/uploads\/2025\/12\/03-3-1024x768.jpg\" alt=\"\" class=\"wp-image-45331\" srcset=\"https:\/\/radiostudiow.com.br\/site\/wp-content\/uploads\/2025\/12\/03-3-1024x768.jpg 1024w, https:\/\/radiostudiow.com.br\/site\/wp-content\/uploads\/2025\/12\/03-3-300x225.jpg 300w, https:\/\/radiostudiow.com.br\/site\/wp-content\/uploads\/2025\/12\/03-3-768x576.jpg 768w, https:\/\/radiostudiow.com.br\/site\/wp-content\/uploads\/2025\/12\/03-3.jpg 1280w\" sizes=\"auto, (max-width: 1024px) 100vw, 1024px\" \/><\/figure>\n\n\n\n<figure class=\"wp-block-image size-full is-resized\"><img loading=\"lazy\" decoding=\"async\" width=\"598\" height=\"204\" src=\"https:\/\/radiostudiow.com.br\/site\/wp-content\/uploads\/2025\/05\/POLAK.png\" alt=\"\" class=\"wp-image-37847\" style=\"aspect-ratio:2.931520490233627;width:509px;height:auto\" srcset=\"https:\/\/radiostudiow.com.br\/site\/wp-content\/uploads\/2025\/05\/POLAK.png 598w, https:\/\/radiostudiow.com.br\/site\/wp-content\/uploads\/2025\/05\/POLAK-300x102.png 300w\" sizes=\"auto, (max-width: 598px) 100vw, 598px\" \/><\/figure>\n\n\n\n<p class=\"has-medium-font-size\">As drogas destru\u00eddas foram apreendidas ao longo dos \u00faltimos meses em a\u00e7\u00f5es tanto da <strong>Pol\u00edcia Militar<\/strong> quanto da <strong>Pol\u00edcia Civil<\/strong>, durante o trabalho de enfrentamento ao tr\u00e1fico de entorpecentes na regi\u00e3o.<\/p>\n\n\n\n<p class=\"has-medium-font-size\">A opera\u00e7\u00e3o foi coordenada pelo delegado <strong>Dr. Donizete de Arruda Gordiano<\/strong>, titular da 10\u00aa DRP (Delegacia Regional da Pol\u00edcia Civil de Mallet), e contou com a presen\u00e7a de agentes da <strong>Vigil\u00e2ncia Sanit\u00e1ria de Mallet<\/strong>, que acompanharam todo o procedimento para garantir o cumprimento das normas legais e sanit\u00e1rias. A queima do material ocorreu em uma olaria do munic\u00edpio, local apropriado para este tipo de incinera\u00e7\u00e3o.<\/p>\n\n\n\n<figure class=\"wp-block-gallery has-nested-images columns-default is-cropped wp-block-gallery-1 is-layout-flex wp-block-gallery-is-layout-flex\">\n<figure class=\"wp-block-image size-large\"><img loading=\"lazy\" decoding=\"async\" width=\"1024\" height=\"768\" data-id=\"45330\" src=\"https:\/\/radiostudiow.com.br\/site\/wp-content\/uploads\/2025\/12\/03-2-1024x768.jpg\" alt=\"\" class=\"wp-image-45330\" srcset=\"https:\/\/radiostudiow.com.br\/site\/wp-content\/uploads\/2025\/12\/03-2-1024x768.jpg 1024w, https:\/\/radiostudiow.com.br\/site\/wp-content\/uploads\/2025\/12\/03-2-300x225.jpg 300w, https:\/\/radiostudiow.com.br\/site\/wp-content\/uploads\/2025\/12\/03-2-768x576.jpg 768w, https:\/\/radiostudiow.com.br\/site\/wp-content\/uploads\/2025\/12\/03-2.jpg 1280w\" sizes=\"auto, (max-width: 1024px) 100vw, 1024px\" \/><\/figure>\n\n\n\n<figure class=\"wp-block-image size-large\"><img loading=\"lazy\" decoding=\"async\" width=\"768\" height=\"1024\" data-id=\"45328\" src=\"https:\/\/radiostudiow.com.br\/site\/wp-content\/uploads\/2025\/12\/03-4-768x1024.jpg\" alt=\"\" class=\"wp-image-45328\" srcset=\"https:\/\/radiostudiow.com.br\/site\/wp-content\/uploads\/2025\/12\/03-4-768x1024.jpg 768w, https:\/\/radiostudiow.com.br\/site\/wp-content\/uploads\/2025\/12\/03-4-225x300.jpg 225w, https:\/\/radiostudiow.com.br\/site\/wp-content\/uploads\/2025\/12\/03-4-1152x1536.jpg 1152w, https:\/\/radiostudiow.com.br\/site\/wp-content\/uploads\/2025\/12\/03-4.jpg 1536w\" sizes=\"auto, (max-width: 768px) 100vw, 768px\" \/><\/figure>\n\n\n\n<figure class=\"wp-block-image size-large\"><img loading=\"lazy\" decoding=\"async\" width=\"584\" height=\"1024\" data-id=\"45329\" src=\"https:\/\/radiostudiow.com.br\/site\/wp-content\/uploads\/2025\/12\/03-5-584x1024.jpg\" alt=\"\" class=\"wp-image-45329\" srcset=\"https:\/\/radiostudiow.com.br\/site\/wp-content\/uploads\/2025\/12\/03-5-584x1024.jpg 584w, https:\/\/radiostudiow.com.br\/site\/wp-content\/uploads\/2025\/12\/03-5-171x300.jpg 171w, https:\/\/radiostudiow.com.br\/site\/wp-content\/uploads\/2025\/12\/03-5-768x1347.jpg 768w, https:\/\/radiostudiow.com.br\/site\/wp-content\/uploads\/2025\/12\/03-5-876x1536.jpg 876w, https:\/\/radiostudiow.com.br\/site\/wp-content\/uploads\/2025\/12\/03-5.jpg 1168w\" sizes=\"auto, (max-width: 584px) 100vw, 584px\" \/><\/figure>\n<\/figure>\n\n\n\n<p><\/p>\n\n\n\n<p style=\"font-size:21px\">Em entrevista \u00e0 reportagem da <strong>Studio W<\/strong>, o delegado Dr. Donizete destacou que a Opera\u00e7\u00e3o CODESUL II re\u00fane uma s\u00e9rie de iniciativas voltadas ao combate ao tr\u00e1fico de drogas, envolvendo cidades dos tr\u00eas estados da regi\u00e3o Sul do Brasil \u2014 <strong>Paran\u00e1, Santa Catarina e Rio Grande do Sul<\/strong> \u2014 al\u00e9m do <strong>estado de Mato Grosso do Sul<\/strong>. Segundo ele, o dia <strong>05 de dezembro<\/strong> foi considerado o \u201c<strong>Dia D<\/strong>\u201d da opera\u00e7\u00e3o, quando diversas delegacias desses estados realizaram a\u00e7\u00f5es simult\u00e2neas.<\/p>\n\n\n\n<figure class=\"wp-block-video\"><video height=\"720\" style=\"aspect-ratio: 1280 \/ 720;\" width=\"1280\" controls src=\"https:\/\/radiostudiow.com.br\/site\/wp-content\/uploads\/2025\/12\/DELEGADO.mp4\"><\/video><\/figure>\n\n\n\n<figure class=\"wp-block-gallery has-nested-images columns-default is-cropped wp-block-gallery-2 is-layout-flex wp-block-gallery-is-layout-flex\">\n<figure class=\"wp-block-image size-large\"><img loading=\"lazy\" decoding=\"async\" width=\"494\" height=\"285\" data-id=\"44763\" src=\"https:\/\/radiostudiow.com.br\/site\/wp-content\/uploads\/2025\/11\/sobanski-arte.jpg\" alt=\"\" class=\"wp-image-44763\" srcset=\"https:\/\/radiostudiow.com.br\/site\/wp-content\/uploads\/2025\/11\/sobanski-arte.jpg 494w, https:\/\/radiostudiow.com.br\/site\/wp-content\/uploads\/2025\/11\/sobanski-arte-300x173.jpg 300w\" sizes=\"auto, (max-width: 494px) 100vw, 494px\" \/><\/figure>\n<\/figure>\n\n\n\n<p><\/p>\n\n\n\n<p class=\"has-medium-font-size\"><strong>Al\u00e9m das drogas, a Pol\u00edcia Civil tamb\u00e9m aproveitou a oportunidade para incinerar objetos apreendidos em inqu\u00e9ritos policiais distintos, todos com autoriza\u00e7\u00e3o judicial para o descarte, garantindo o destino correto e definitivo desses materiais apreendidos em investiga\u00e7\u00f5es criminais.<\/strong><\/p>\n\n\n\n<h2 class=\"wp-block-heading\">FONTE: 10\u00aa DRP DE MALLET &#8211; REDA\u00c7\u00c3O: W NOT\u00cdCIAS<\/h2>\n\n\n\n<p><\/p>\n","protected":false},"excerpt":{"rendered":"<p>A 10\u00aa Delegacia Regional da Pol\u00edcia Civil de Mallet realizou, nesta sexta-feira (05), a incinera\u00e7\u00e3o de subst\u00e2ncias entorpecentes, entre elas maconha e coca\u00edna, al\u00e9m de armas e diversos objetos cuja destrui\u00e7\u00e3o foi autorizada pelo Poder Judici\u00e1rio. A a\u00e7\u00e3o integrou a Opera\u00e7\u00e3o CODESUL II, realizada de forma simult\u00e2nea em diversos estados. As drogas destru\u00eddas foram apreendidas [&hellip;]<\/p>\n","protected":false},"author":2,"featured_media":45377,"comment_status":"open","ping_status":"open","sticky":false,"template":"","format":"video","meta":{"footnotes":""},"categories":[2],"tags":[172],"class_list":["post-45325","post","type-post","status-publish","format-video","has-post-thumbnail","hentry","category-policial","tag-featured","post_format-post-format-video"],"amp_enabled":true,"_links":{"self":[{"href":"https:\/\/radiostudiow.com.br\/site\/wp-json\/wp\/v2\/posts\/45325","targetHints":{"allow":["GET"]}}],"collection":[{"href":"https:\/\/radiostudiow.com.br\/site\/wp-json\/wp\/v2\/posts"}],"about":[{"href":"https:\/\/radiostudiow.com.br\/site\/wp-json\/wp\/v2\/types\/post"}],"author":[{"embeddable":true,"href":"https:\/\/radiostudiow.com.br\/site\/wp-json\/wp\/v2\/users\/2"}],"replies":[{"embeddable":true,"href":"https:\/\/radiostudiow.com.br\/site\/wp-json\/wp\/v2\/comments?post=45325"}],"version-history":[{"count":3,"href":"https:\/\/radiostudiow.com.br\/site\/wp-json\/wp\/v2\/posts\/45325\/revisions"}],"predecessor-version":[{"id":45383,"href":"https:\/\/radiostudiow.com.br\/site\/wp-json\/wp\/v2\/posts\/45325\/revisions\/45383"}],"wp:featuredmedia":[{"embeddable":true,"href":"https:\/\/radiostudiow.com.br\/site\/wp-json\/wp\/v2\/media\/45377"}],"wp:attachment":[{"href":"https:\/\/radiostudiow.com.br\/site\/wp-json\/wp\/v2\/media?parent=45325"}],"wp:term":[{"taxonomy":"category","embeddable":true,"href":"https:\/\/radiostudiow.com.br\/site\/wp-json\/wp\/v2\/categories?post=45325"},{"taxonomy":"post_tag","embeddable":true,"href":"https:\/\/radiostudiow.com.br\/site\/wp-json\/wp\/v2\/tags?post=45325"}],"curies":[{"name":"wp","href":"https:\/\/api.w.org\/{rel}","templated":true}]}}