{"id":45470,"date":"2025-12-09T21:18:36","date_gmt":"2025-12-10T00:18:36","guid":{"rendered":"https:\/\/radiostudiow.com.br\/site\/?p=45470"},"modified":"2025-12-09T21:18:37","modified_gmt":"2025-12-10T00:18:37","slug":"homem-e-preso-na-colonia-santa-cruz-em-mallet-com-caminhonete-furtada-apos-tentar-fugir-da-policia","status":"publish","type":"post","link":"https:\/\/radiostudiow.com.br\/site\/2025\/12\/09\/homem-e-preso-na-colonia-santa-cruz-em-mallet-com-caminhonete-furtada-apos-tentar-fugir-da-policia\/","title":{"rendered":"Homem \u00e9 preso na Col\u00f4nia Santa Cruz em Mallet com caminhonete furtada ap\u00f3s tentar fugir da pol\u00edcia"},"content":{"rendered":"\n<figure class=\"wp-block-image size-full\"><img loading=\"lazy\" decoding=\"async\" width=\"897\" height=\"204\" src=\"https:\/\/radiostudiow.com.br\/site\/wp-content\/uploads\/2025\/03\/image-62.png\" alt=\"\" class=\"wp-image-35859\" srcset=\"https:\/\/radiostudiow.com.br\/site\/wp-content\/uploads\/2025\/03\/image-62.png 897w, https:\/\/radiostudiow.com.br\/site\/wp-content\/uploads\/2025\/03\/image-62-300x68.png 300w, https:\/\/radiostudiow.com.br\/site\/wp-content\/uploads\/2025\/03\/image-62-768x175.png 768w\" sizes=\"auto, (max-width: 897px) 100vw, 897px\" \/><\/figure>\n\n\n\n<p style=\"font-size:21px\"><strong>Um homem foi preso no fim da tarde desta segunda-feira dia 08 de dezembro, por volta das 18 horas, na localidade de Santa Cruz, interior do munic\u00edpio de Mallet, ap\u00f3s ser flagrado em posse de uma caminhonete com ind\u00edcios de furto.<br>A a\u00e7\u00e3o r\u00e1pida foi realizada pela equipe do 3\u00ba Pelot\u00e3o da Pol\u00edcia Militar de Mallet, ap\u00f3s den\u00fancia de um morador.<\/strong><\/p>\n\n\n\n<p>Segundo a Pol\u00edcia Militar, a den\u00fancia apontava que uma caminhonete branca estava parada em frente a uma resid\u00eancia, com dois pneus dianteiros furados, e que um homem pedia ajuda para entrar em contato com um borracheiro.<br>No local, os policiais abordaram um homem, que se encontrava dentro do ve\u00edculo, uma Mitsubishi L200 Triton, cor branca.<\/p>\n\n\n\n<figure class=\"wp-block-image size-full is-resized\"><img loading=\"lazy\" decoding=\"async\" width=\"494\" height=\"285\" src=\"https:\/\/radiostudiow.com.br\/site\/wp-content\/uploads\/2025\/11\/sobanski-arte.jpg\" alt=\"\" class=\"wp-image-44763\" style=\"width:574px;height:auto\" srcset=\"https:\/\/radiostudiow.com.br\/site\/wp-content\/uploads\/2025\/11\/sobanski-arte.jpg 494w, https:\/\/radiostudiow.com.br\/site\/wp-content\/uploads\/2025\/11\/sobanski-arte-300x173.jpg 300w\" sizes=\"auto, (max-width: 494px) 100vw, 494px\" \/><\/figure>\n\n\n\n<figure class=\"wp-block-image size-large\"><img loading=\"lazy\" decoding=\"async\" width=\"576\" height=\"1024\" src=\"https:\/\/radiostudiow.com.br\/site\/wp-content\/uploads\/2025\/12\/150cd85b-2cd5-42e7-8de9-a0c6330c7b90-576x1024.jpg\" alt=\"\" class=\"wp-image-45471\" srcset=\"https:\/\/radiostudiow.com.br\/site\/wp-content\/uploads\/2025\/12\/150cd85b-2cd5-42e7-8de9-a0c6330c7b90-576x1024.jpg 576w, https:\/\/radiostudiow.com.br\/site\/wp-content\/uploads\/2025\/12\/150cd85b-2cd5-42e7-8de9-a0c6330c7b90-169x300.jpg 169w, https:\/\/radiostudiow.com.br\/site\/wp-content\/uploads\/2025\/12\/150cd85b-2cd5-42e7-8de9-a0c6330c7b90-768x1365.jpg 768w, https:\/\/radiostudiow.com.br\/site\/wp-content\/uploads\/2025\/12\/150cd85b-2cd5-42e7-8de9-a0c6330c7b90-864x1536.jpg 864w, https:\/\/radiostudiow.com.br\/site\/wp-content\/uploads\/2025\/12\/150cd85b-2cd5-42e7-8de9-a0c6330c7b90.jpg 900w\" sizes=\"auto, (max-width: 576px) 100vw, 576px\" \/><\/figure>\n\n\n\n<p><\/p>\n\n\n\n<p class=\"has-medium-font-size\"><strong>Durante a abordagem, nada de il\u00edcito foi encontrado na busca pessoal. No entanto, na vistoria veicular, os policiais constataram que o painel do ve\u00edculo estava danificado, com sinais de liga\u00e7\u00e3o direta, e que a caminhonete n\u00e3o possu\u00eda chave de igni\u00e7\u00e3o.<br>Questionado, o homem alegou que o ve\u00edculo pertenceria a seu pai, que teria adquirido a caminhonete de terceiros, mas que n\u00e3o havia realizado a transfer\u00eancia, al\u00e9m de n\u00e3o possuir nenhum documento do ve\u00edculo.<\/strong><br>Em consulta aos sistemas policiais, foi verificado que o suspeito \u00e9 natural do estado de S\u00e3o Paulo, enquanto o ve\u00edculo possu\u00eda registro em Santa Catarina.<\/p>\n\n\n\n<figure class=\"wp-block-image size-full\"><img loading=\"lazy\" decoding=\"async\" width=\"897\" height=\"204\" src=\"https:\/\/radiostudiow.com.br\/site\/wp-content\/uploads\/2025\/06\/BARROS.png\" alt=\"\" class=\"wp-image-39575\" srcset=\"https:\/\/radiostudiow.com.br\/site\/wp-content\/uploads\/2025\/06\/BARROS.png 897w, https:\/\/radiostudiow.com.br\/site\/wp-content\/uploads\/2025\/06\/BARROS-300x68.png 300w, https:\/\/radiostudiow.com.br\/site\/wp-content\/uploads\/2025\/06\/BARROS-768x175.png 768w\" sizes=\"auto, (max-width: 897px) 100vw, 897px\" \/><\/figure>\n\n\n\n<p style=\"font-size:24px\"><strong><em>Durante a verifica\u00e7\u00e3o, o homem tentou fugir correndo em dire\u00e7\u00e3o a uma planta\u00e7\u00e3o de soja, sendo contido pela equipe policial logo em seguida.<\/em><\/strong><\/p>\n\n\n\n<p>Em depoimento, o suspeito relatou que teria sido contratado por telefone, para buscar a caminhonete em um posto de combust\u00edveis pr\u00f3ximo \u00e0 BR, na cidade de S\u00e3o Mateus do Sul, com destino ao munic\u00edpio de Francisco Beltr\u00e3o.<br><strong>Segundo informa\u00e7\u00f5es apuradas pela reportagem da Studio W, pelo servi\u00e7o, afirmou que receberia a quantia de R$ 5 mil.<\/strong><br>Ainda segundo o relato, os pneus do ve\u00edculo teriam sido furados durante o deslocamento pelo interior.<br>Ap\u00f3s verifica\u00e7\u00e3o mais detalhada, a pol\u00edcia constatou que o n\u00famero do chassi n\u00e3o correspondia \u00e0 placa utilizada.<\/p>\n\n\n\n<p class=\"has-medium-font-size\"><strong>O chassi identificado pertence a uma caminhonete L200 Triton, emplacada no munic\u00edpio de Joinville (SC), a qual possu\u00eda alerta de furto ou roubo, conforme boletim de ocorr\u00eancia registrado naquele estado.<\/strong><\/p>\n\n\n\n<figure class=\"wp-block-image size-large\"><img loading=\"lazy\" decoding=\"async\" width=\"576\" height=\"1024\" src=\"https:\/\/radiostudiow.com.br\/site\/wp-content\/uploads\/2025\/12\/3eef7085-283f-4c03-b265-7421211041c6-1-576x1024.jpg\" alt=\"\" class=\"wp-image-45473\" srcset=\"https:\/\/radiostudiow.com.br\/site\/wp-content\/uploads\/2025\/12\/3eef7085-283f-4c03-b265-7421211041c6-1-576x1024.jpg 576w, https:\/\/radiostudiow.com.br\/site\/wp-content\/uploads\/2025\/12\/3eef7085-283f-4c03-b265-7421211041c6-1-169x300.jpg 169w, https:\/\/radiostudiow.com.br\/site\/wp-content\/uploads\/2025\/12\/3eef7085-283f-4c03-b265-7421211041c6-1-768x1366.jpg 768w, https:\/\/radiostudiow.com.br\/site\/wp-content\/uploads\/2025\/12\/3eef7085-283f-4c03-b265-7421211041c6-1-864x1536.jpg 864w, https:\/\/radiostudiow.com.br\/site\/wp-content\/uploads\/2025\/12\/3eef7085-283f-4c03-b265-7421211041c6-1.jpg 899w\" sizes=\"auto, (max-width: 576px) 100vw, 576px\" \/><\/figure>\n\n\n\n<figure class=\"wp-block-image size-full is-resized\"><img loading=\"lazy\" decoding=\"async\" width=\"598\" height=\"204\" src=\"https:\/\/radiostudiow.com.br\/site\/wp-content\/uploads\/2025\/05\/POLAK.png\" alt=\"\" class=\"wp-image-37847\" style=\"width:577px;height:auto\" srcset=\"https:\/\/radiostudiow.com.br\/site\/wp-content\/uploads\/2025\/05\/POLAK.png 598w, https:\/\/radiostudiow.com.br\/site\/wp-content\/uploads\/2025\/05\/POLAK-300x102.png 300w\" sizes=\"auto, (max-width: 598px) 100vw, 598px\" \/><\/figure>\n\n\n\n<p>Diante dos fatos, a caminhonete foi apreendida e encaminhada \u00e0 Delegacia de Pol\u00edcia Civil de Mallet, e o homem recebeu voz de pris\u00e3o, sendo encaminhado \u00e0 4\u00aa Subdivis\u00e3o Policial de Uni\u00e3o da Vit\u00f3ria para as provid\u00eancias cab\u00edveis.<\/p>\n\n\n\n<h2 class=\"wp-block-heading\"><em><strong>Informa\u00e7\u00f5es do 27\u00baBPM\/3\u00ba Pelt\u00e3o da PM de Mallet\/Reda\u00e7\u00e3o da Studio W<\/strong><\/em><\/h2>\n\n\n\n<p><\/p>\n","protected":false},"excerpt":{"rendered":"<p>Um homem foi preso no fim da tarde desta segunda-feira dia 08 de dezembro, por volta das 18 horas, na localidade de Santa Cruz, interior do munic\u00edpio de Mallet, ap\u00f3s ser flagrado em posse de uma caminhonete com ind\u00edcios de furto.A a\u00e7\u00e3o r\u00e1pida foi realizada pela equipe do 3\u00ba Pelot\u00e3o da Pol\u00edcia Militar de Mallet, [&hellip;]<\/p>\n","protected":false},"author":2,"featured_media":45474,"comment_status":"open","ping_status":"open","sticky":false,"template":"","format":"standard","meta":{"footnotes":""},"categories":[184],"tags":[172],"class_list":["post-45470","post","type-post","status-publish","format-standard","has-post-thumbnail","hentry","category-local","tag-featured"],"amp_enabled":true,"_links":{"self":[{"href":"https:\/\/radiostudiow.com.br\/site\/wp-json\/wp\/v2\/posts\/45470","targetHints":{"allow":["GET"]}}],"collection":[{"href":"https:\/\/radiostudiow.com.br\/site\/wp-json\/wp\/v2\/posts"}],"about":[{"href":"https:\/\/radiostudiow.com.br\/site\/wp-json\/wp\/v2\/types\/post"}],"author":[{"embeddable":true,"href":"https:\/\/radiostudiow.com.br\/site\/wp-json\/wp\/v2\/users\/2"}],"replies":[{"embeddable":true,"href":"https:\/\/radiostudiow.com.br\/site\/wp-json\/wp\/v2\/comments?post=45470"}],"version-history":[{"count":1,"href":"https:\/\/radiostudiow.com.br\/site\/wp-json\/wp\/v2\/posts\/45470\/revisions"}],"predecessor-version":[{"id":45475,"href":"https:\/\/radiostudiow.com.br\/site\/wp-json\/wp\/v2\/posts\/45470\/revisions\/45475"}],"wp:featuredmedia":[{"embeddable":true,"href":"https:\/\/radiostudiow.com.br\/site\/wp-json\/wp\/v2\/media\/45474"}],"wp:attachment":[{"href":"https:\/\/radiostudiow.com.br\/site\/wp-json\/wp\/v2\/media?parent=45470"}],"wp:term":[{"taxonomy":"category","embeddable":true,"href":"https:\/\/radiostudiow.com.br\/site\/wp-json\/wp\/v2\/categories?post=45470"},{"taxonomy":"post_tag","embeddable":true,"href":"https:\/\/radiostudiow.com.br\/site\/wp-json\/wp\/v2\/tags?post=45470"}],"curies":[{"name":"wp","href":"https:\/\/api.w.org\/{rel}","templated":true}]}}