{"id":45598,"date":"2025-12-13T20:23:07","date_gmt":"2025-12-13T23:23:07","guid":{"rendered":"https:\/\/radiostudiow.com.br\/site\/?p=45598"},"modified":"2025-12-13T20:23:08","modified_gmt":"2025-12-13T23:23:08","slug":"policia-militar-cumpre-mandado-de-prisao-no-centro-de-mallet-2","status":"publish","type":"post","link":"https:\/\/radiostudiow.com.br\/site\/2025\/12\/13\/policia-militar-cumpre-mandado-de-prisao-no-centro-de-mallet-2\/","title":{"rendered":"Pol\u00edcia Militar cumpre mandado de pris\u00e3o no Centro de Mallet"},"content":{"rendered":"\n<figure class=\"wp-block-image size-full\"><img loading=\"lazy\" decoding=\"async\" width=\"897\" height=\"204\" src=\"https:\/\/radiostudiow.com.br\/site\/wp-content\/uploads\/2025\/03\/image-62.png\" alt=\"\" class=\"wp-image-35859\" srcset=\"https:\/\/radiostudiow.com.br\/site\/wp-content\/uploads\/2025\/03\/image-62.png 897w, https:\/\/radiostudiow.com.br\/site\/wp-content\/uploads\/2025\/03\/image-62-300x68.png 300w, https:\/\/radiostudiow.com.br\/site\/wp-content\/uploads\/2025\/03\/image-62-768x175.png 768w\" sizes=\"auto, (max-width: 897px) 100vw, 897px\" \/><\/figure>\n\n\n\n<p>Na manh\u00e3 desta sexta-feira, <strong>12 de dezembro de 2025<\/strong>, a Pol\u00edcia Militar de Mallet cumpriu um <strong>mandado de pris\u00e3o<\/strong> contra um homem morador do munic\u00edpio. A ocorr\u00eancia foi registrada por volta das <strong>11h20<\/strong>, na regi\u00e3o <strong>central da cidade<\/strong>.<\/p>\n\n\n\n<p>De acordo com informa\u00e7\u00f5es repassadas pela Pol\u00edcia Militar, a equipe do <strong>3\u00ba Pelot\u00e3o<\/strong>, durante patrulhamento de rotina (RPA), tomou conhecimento da exist\u00eancia de um mandado de pris\u00e3o em aberto em desfavor do indiv\u00edduo. Diante da situa\u00e7\u00e3o, os policiais iniciaram dilig\u00eancias para localizar o suspeito.<\/p>\n\n\n\n<p>Ap\u00f3s as buscas, o homem foi encontrado e recebeu <strong>fiel cumprimento ao mandado de pris\u00e3o<\/strong>. Em seguida, ele foi detido e encaminhado ao <strong>Departamento Penitenci\u00e1rio (DEPEN) de Uni\u00e3o da Vit\u00f3ria<\/strong>, onde permanece \u00e0 disposi\u00e7\u00e3o da <strong>Justi\u00e7a<\/strong>.<\/p>\n\n\n\n<figure class=\"wp-block-image size-full\"><img loading=\"lazy\" decoding=\"async\" width=\"494\" height=\"285\" src=\"https:\/\/radiostudiow.com.br\/site\/wp-content\/uploads\/2025\/11\/sobanski-arte.jpg\" alt=\"\" class=\"wp-image-44763\" srcset=\"https:\/\/radiostudiow.com.br\/site\/wp-content\/uploads\/2025\/11\/sobanski-arte.jpg 494w, https:\/\/radiostudiow.com.br\/site\/wp-content\/uploads\/2025\/11\/sobanski-arte-300x173.jpg 300w\" sizes=\"auto, (max-width: 494px) 100vw, 494px\" \/><\/figure>\n\n\n\n<p class=\"has-medium-font-size\"><br><strong>A Pol\u00edcia Militar refor\u00e7a que a\u00e7\u00f5es como essa fazem parte do trabalho cont\u00ednuo de combate \u00e0 criminalidade e cumprimento das determina\u00e7\u00f5es judiciais no munic\u00edpio.<\/strong><\/p>\n","protected":false},"excerpt":{"rendered":"<p>Na manh\u00e3 desta sexta-feira, 12 de dezembro de 2025, a Pol\u00edcia Militar de Mallet cumpriu um mandado de pris\u00e3o contra um homem morador do munic\u00edpio. A ocorr\u00eancia foi registrada por volta das 11h20, na regi\u00e3o central da cidade. De acordo com informa\u00e7\u00f5es repassadas pela Pol\u00edcia Militar, a equipe do 3\u00ba Pelot\u00e3o, durante patrulhamento de rotina [&hellip;]<\/p>\n","protected":false},"author":2,"featured_media":5466,"comment_status":"open","ping_status":"open","sticky":false,"template":"","format":"standard","meta":{"footnotes":""},"categories":[184],"tags":[172],"class_list":["post-45598","post","type-post","status-publish","format-standard","has-post-thumbnail","hentry","category-local","tag-featured"],"amp_enabled":true,"_links":{"self":[{"href":"https:\/\/radiostudiow.com.br\/site\/wp-json\/wp\/v2\/posts\/45598","targetHints":{"allow":["GET"]}}],"collection":[{"href":"https:\/\/radiostudiow.com.br\/site\/wp-json\/wp\/v2\/posts"}],"about":[{"href":"https:\/\/radiostudiow.com.br\/site\/wp-json\/wp\/v2\/types\/post"}],"author":[{"embeddable":true,"href":"https:\/\/radiostudiow.com.br\/site\/wp-json\/wp\/v2\/users\/2"}],"replies":[{"embeddable":true,"href":"https:\/\/radiostudiow.com.br\/site\/wp-json\/wp\/v2\/comments?post=45598"}],"version-history":[{"count":1,"href":"https:\/\/radiostudiow.com.br\/site\/wp-json\/wp\/v2\/posts\/45598\/revisions"}],"predecessor-version":[{"id":45599,"href":"https:\/\/radiostudiow.com.br\/site\/wp-json\/wp\/v2\/posts\/45598\/revisions\/45599"}],"wp:featuredmedia":[{"embeddable":true,"href":"https:\/\/radiostudiow.com.br\/site\/wp-json\/wp\/v2\/media\/5466"}],"wp:attachment":[{"href":"https:\/\/radiostudiow.com.br\/site\/wp-json\/wp\/v2\/media?parent=45598"}],"wp:term":[{"taxonomy":"category","embeddable":true,"href":"https:\/\/radiostudiow.com.br\/site\/wp-json\/wp\/v2\/categories?post=45598"},{"taxonomy":"post_tag","embeddable":true,"href":"https:\/\/radiostudiow.com.br\/site\/wp-json\/wp\/v2\/tags?post=45598"}],"curies":[{"name":"wp","href":"https:\/\/api.w.org\/{rel}","templated":true}]}}