{"id":45600,"date":"2025-12-14T15:03:51","date_gmt":"2025-12-14T18:03:51","guid":{"rendered":"https:\/\/radiostudiow.com.br\/site\/?p=45600"},"modified":"2025-12-14T15:03:51","modified_gmt":"2025-12-14T18:03:51","slug":"homem-e-preso-pela-policia-militar-apos-agredir-companheira-e-ameaca-la-com-faca-em-mallet","status":"publish","type":"post","link":"https:\/\/radiostudiow.com.br\/site\/2025\/12\/14\/homem-e-preso-pela-policia-militar-apos-agredir-companheira-e-ameaca-la-com-faca-em-mallet\/","title":{"rendered":"Homem \u00e9 preso pela\u00a0 Pol\u00edcia Militar ap\u00f3s agredir companheira e amea\u00e7\u00e1-la com faca em Mallet"},"content":{"rendered":"\n<figure class=\"wp-block-image size-full\"><img loading=\"lazy\" decoding=\"async\" width=\"897\" height=\"204\" src=\"https:\/\/radiostudiow.com.br\/site\/wp-content\/uploads\/2025\/03\/BARAO-NOVO-NOTICIAS-1.jpg\" alt=\"\" class=\"wp-image-35084\" srcset=\"https:\/\/radiostudiow.com.br\/site\/wp-content\/uploads\/2025\/03\/BARAO-NOVO-NOTICIAS-1.jpg 897w, https:\/\/radiostudiow.com.br\/site\/wp-content\/uploads\/2025\/03\/BARAO-NOVO-NOTICIAS-1-300x68.jpg 300w, https:\/\/radiostudiow.com.br\/site\/wp-content\/uploads\/2025\/03\/BARAO-NOVO-NOTICIAS-1-768x175.jpg 768w\" sizes=\"auto, (max-width: 897px) 100vw, 897px\" \/><\/figure>\n\n\n\n<p>Um homem foi preso na noite deste s\u00e1bado, <strong>13 de dezembro<\/strong>, por <strong>viol\u00eancia dom\u00e9stica<\/strong>, no <strong>Centro da cidade de Mallet<\/strong>. A ocorr\u00eancia foi atendida pela equipe do <strong>3\u00ba Pelot\u00e3o Cabo Abr\u00e3o Kanclarovicz da Pol\u00edcia Militar<\/strong>, durante patrulhamento de rotina (RPA).<\/p>\n\n\n\n<p>A a\u00e7\u00e3o teve in\u00edcio ap\u00f3s o <strong>Hospital S\u00e3o Pedro<\/strong> acionar a Pol\u00edcia Militar, informando a entrada de uma mulher com diversas les\u00f5es pelo corpo. <\/p>\n\n\n\n<p>No local, a v\u00edtima relatou aos policiais que teria sido <strong>agredida pelo convivente<\/strong>, que chegou \u00e0 resid\u00eancia <strong>embriagado ap\u00f3s uma confraterniza\u00e7\u00e3o<\/strong>.<\/p>\n\n\n\n<p>Segundo o relato, a mulher apresentava <strong>hematomas na face, pesco\u00e7o, bra\u00e7os e costas<\/strong>, al\u00e9m de informar que tamb\u00e9m teria sido <strong>amea\u00e7ada com uma faca<\/strong> durante a agress\u00e3o.<\/p>\n\n\n\n<figure class=\"wp-block-gallery has-nested-images columns-default is-cropped wp-block-gallery-1 is-layout-flex wp-block-gallery-is-layout-flex\">\n<figure class=\"wp-block-image size-large\"><img loading=\"lazy\" decoding=\"async\" width=\"1024\" height=\"614\" data-id=\"45321\" src=\"https:\/\/radiostudiow.com.br\/site\/wp-content\/uploads\/2025\/12\/SITES-PEQUENO-GRANDE-1024x614.png\" alt=\"\" class=\"wp-image-45321\" srcset=\"https:\/\/radiostudiow.com.br\/site\/wp-content\/uploads\/2025\/12\/SITES-PEQUENO-GRANDE-1024x614.png 1024w, https:\/\/radiostudiow.com.br\/site\/wp-content\/uploads\/2025\/12\/SITES-PEQUENO-GRANDE-300x180.png 300w, https:\/\/radiostudiow.com.br\/site\/wp-content\/uploads\/2025\/12\/SITES-PEQUENO-GRANDE-768x461.png 768w, https:\/\/radiostudiow.com.br\/site\/wp-content\/uploads\/2025\/12\/SITES-PEQUENO-GRANDE-1536x921.png 1536w, https:\/\/radiostudiow.com.br\/site\/wp-content\/uploads\/2025\/12\/SITES-PEQUENO-GRANDE-1000x600.png 1000w, https:\/\/radiostudiow.com.br\/site\/wp-content\/uploads\/2025\/12\/SITES-PEQUENO-GRANDE-590x354.png 590w, https:\/\/radiostudiow.com.br\/site\/wp-content\/uploads\/2025\/12\/SITES-PEQUENO-GRANDE-400x240.png 400w, https:\/\/radiostudiow.com.br\/site\/wp-content\/uploads\/2025\/12\/SITES-PEQUENO-GRANDE.png 1672w\" sizes=\"auto, (max-width: 1024px) 100vw, 1024px\" \/><\/figure>\n\n\n\n<figure class=\"wp-block-image size-large\"><img loading=\"lazy\" decoding=\"async\" width=\"300\" height=\"180\" data-id=\"38014\" src=\"https:\/\/radiostudiow.com.br\/site\/wp-content\/uploads\/2025\/05\/VANE.png\" alt=\"\" class=\"wp-image-38014\"\/><\/figure>\n<\/figure>\n\n\n\n<p><\/p>\n\n\n\n<p>De posse das informa\u00e7\u00f5es, a equipe policial deslocou-se at\u00e9 a resid\u00eancia do casal, onde localizou o autor <strong>dormindo no sof\u00e1<\/strong>, com uma <strong>faca ao seu lado<\/strong>. <\/p>\n\n\n\n<p>Diante dos fatos, foi dada <strong>voz de pris\u00e3o<\/strong> ao indiv\u00edduo.<\/p>\n\n\n\n<p>O homem foi encaminhado \u00e0 <strong>4\u00aa Subdivis\u00e3o Policial de Uni\u00e3o da Vit\u00f3ria<\/strong>, onde ficou \u00e0 disposi\u00e7\u00e3o da <strong>Pol\u00edcia Judici\u00e1ria<\/strong> para a realiza\u00e7\u00e3o dos procedimentos legais cab\u00edveis.<\/p>\n\n\n\n<figure class=\"wp-block-image size-full\"><img loading=\"lazy\" decoding=\"async\" width=\"598\" height=\"204\" src=\"https:\/\/radiostudiow.com.br\/site\/wp-content\/uploads\/2025\/05\/POLAK.png\" alt=\"\" class=\"wp-image-37847\" srcset=\"https:\/\/radiostudiow.com.br\/site\/wp-content\/uploads\/2025\/05\/POLAK.png 598w, https:\/\/radiostudiow.com.br\/site\/wp-content\/uploads\/2025\/05\/POLAK-300x102.png 300w\" sizes=\"auto, (max-width: 598px) 100vw, 598px\" \/><\/figure>\n\n\n\n<p style=\"font-size:27px\">N\u00e3o esque\u00e7a. Em casos de viol\u00eancia dom\u00e9stica, voc\u00ea pode denunciar \u00e0 Pol\u00edcia Militar de forma an\u00f4nima pelo telefone <strong>190<\/strong>.<\/p>\n\n\n\n<h2 class=\"wp-block-heading\">Fonte: 27\u00ba BPM &#8211; Reda\u00e7\u00e3o Studio W<\/h2>\n","protected":false},"excerpt":{"rendered":"<p>Um homem foi preso na noite deste s\u00e1bado, 13 de dezembro, por viol\u00eancia dom\u00e9stica, no Centro da cidade de Mallet. A ocorr\u00eancia foi atendida pela equipe do 3\u00ba Pelot\u00e3o Cabo Abr\u00e3o Kanclarovicz da Pol\u00edcia Militar, durante patrulhamento de rotina (RPA). A a\u00e7\u00e3o teve in\u00edcio ap\u00f3s o Hospital S\u00e3o Pedro acionar a Pol\u00edcia Militar, informando a [&hellip;]<\/p>\n","protected":false},"author":2,"featured_media":17329,"comment_status":"open","ping_status":"open","sticky":false,"template":"","format":"standard","meta":{"footnotes":""},"categories":[184],"tags":[172],"class_list":["post-45600","post","type-post","status-publish","format-standard","has-post-thumbnail","hentry","category-local","tag-featured"],"amp_enabled":true,"_links":{"self":[{"href":"https:\/\/radiostudiow.com.br\/site\/wp-json\/wp\/v2\/posts\/45600","targetHints":{"allow":["GET"]}}],"collection":[{"href":"https:\/\/radiostudiow.com.br\/site\/wp-json\/wp\/v2\/posts"}],"about":[{"href":"https:\/\/radiostudiow.com.br\/site\/wp-json\/wp\/v2\/types\/post"}],"author":[{"embeddable":true,"href":"https:\/\/radiostudiow.com.br\/site\/wp-json\/wp\/v2\/users\/2"}],"replies":[{"embeddable":true,"href":"https:\/\/radiostudiow.com.br\/site\/wp-json\/wp\/v2\/comments?post=45600"}],"version-history":[{"count":1,"href":"https:\/\/radiostudiow.com.br\/site\/wp-json\/wp\/v2\/posts\/45600\/revisions"}],"predecessor-version":[{"id":45601,"href":"https:\/\/radiostudiow.com.br\/site\/wp-json\/wp\/v2\/posts\/45600\/revisions\/45601"}],"wp:featuredmedia":[{"embeddable":true,"href":"https:\/\/radiostudiow.com.br\/site\/wp-json\/wp\/v2\/media\/17329"}],"wp:attachment":[{"href":"https:\/\/radiostudiow.com.br\/site\/wp-json\/wp\/v2\/media?parent=45600"}],"wp:term":[{"taxonomy":"category","embeddable":true,"href":"https:\/\/radiostudiow.com.br\/site\/wp-json\/wp\/v2\/categories?post=45600"},{"taxonomy":"post_tag","embeddable":true,"href":"https:\/\/radiostudiow.com.br\/site\/wp-json\/wp\/v2\/tags?post=45600"}],"curies":[{"name":"wp","href":"https:\/\/api.w.org\/{rel}","templated":true}]}}