{"id":45733,"date":"2025-12-20T15:56:27","date_gmt":"2025-12-20T18:56:27","guid":{"rendered":"https:\/\/radiostudiow.com.br\/site\/?p=45733"},"modified":"2025-12-20T15:56:28","modified_gmt":"2025-12-20T18:56:28","slug":"barulho-excessivo-gera-confusao-e-acao-policial-em-mallet","status":"publish","type":"post","link":"https:\/\/radiostudiow.com.br\/site\/2025\/12\/20\/barulho-excessivo-gera-confusao-e-acao-policial-em-mallet\/","title":{"rendered":"Barulho excessivo gera confus\u00e3o e a\u00e7\u00e3o policial em Mallet"},"content":{"rendered":"\n<figure class=\"wp-block-image size-full\"><img loading=\"lazy\" decoding=\"async\" width=\"897\" height=\"207\" src=\"https:\/\/radiostudiow.com.br\/site\/wp-content\/uploads\/2025\/07\/TIJOLAO.png\" alt=\"\" class=\"wp-image-40184\" srcset=\"https:\/\/radiostudiow.com.br\/site\/wp-content\/uploads\/2025\/07\/TIJOLAO.png 897w, https:\/\/radiostudiow.com.br\/site\/wp-content\/uploads\/2025\/07\/TIJOLAO-300x69.png 300w, https:\/\/radiostudiow.com.br\/site\/wp-content\/uploads\/2025\/07\/TIJOLAO-768x177.png 768w\" sizes=\"auto, (max-width: 897px) 100vw, 897px\" \/><\/figure>\n\n\n\n<p><\/p>\n\n\n\n<p style=\"font-size:21px\">Uma ocorr\u00eancia de perturba\u00e7\u00e3o do sossego mobilizou a Pol\u00edcia Militar na madrugada deste s\u00e1bado (20), por volta das 2h, na cidade de Mallet. A situa\u00e7\u00e3o envolveu moradores de uma resid\u00eancia e terminou com o encaminhamento dos envolvidos ao destacamento policial.<\/p>\n\n\n\n<p style=\"font-size:21px\">Conforme o boletim de ocorr\u00eancia, a equipe foi acionada ap\u00f3s um morador relatar excesso de barulho no local.<\/p>\n\n\n\n<p style=\"font-size:21px\">Ainda segundo o solicitante, ao tentar conversar de forma pac\u00edfica com os respons\u00e1veis pelo som alto, uma lata de cerveja teria sido arremessada em sua dire\u00e7\u00e3o, o que aumentou a gravidade da situa\u00e7\u00e3o.<\/p>\n\n\n\n<p style=\"font-size:21px\">No endere\u00e7o informado, os policiais realizaram a abordagem e tentaram orientar os ocupantes da resid\u00eancia para que cessassem a perturba\u00e7\u00e3o e colaborassem com as determina\u00e7\u00f5es legais.<\/p>\n\n\n\n<p style=\"font-size:21px\">No entanto, os envolvidos se recusaram a acatar as ordens repassadas pela equipe policial.<\/p>\n\n\n\n<p style=\"font-size:21px\">Diante da resist\u00eancia e dos fatos constatados no local, os envolvidos foram conduzidos ao destacamento da Pol\u00edcia Militar de Mallet, onde foi lavrado um termo circunstanciado.<\/p>\n\n\n\n<p style=\"font-size:21px\">O caso foi registrado em boletim de ocorr\u00eancia e ser\u00e1 encaminhado para as provid\u00eancias legais cab\u00edveis.<\/p>\n\n\n\n<p><\/p>\n\n\n\n<figure class=\"wp-block-image size-full\"><img loading=\"lazy\" decoding=\"async\" width=\"897\" height=\"204\" src=\"https:\/\/radiostudiow.com.br\/site\/wp-content\/uploads\/2025\/03\/image-62.png\" alt=\"\" class=\"wp-image-35859\" srcset=\"https:\/\/radiostudiow.com.br\/site\/wp-content\/uploads\/2025\/03\/image-62.png 897w, https:\/\/radiostudiow.com.br\/site\/wp-content\/uploads\/2025\/03\/image-62-300x68.png 300w, https:\/\/radiostudiow.com.br\/site\/wp-content\/uploads\/2025\/03\/image-62-768x175.png 768w\" sizes=\"auto, (max-width: 897px) 100vw, 897px\" \/><\/figure>\n","protected":false},"excerpt":{"rendered":"<p>Uma ocorr\u00eancia de perturba\u00e7\u00e3o do sossego mobilizou a Pol\u00edcia Militar na madrugada deste s\u00e1bado (20), por volta das 2h, na cidade de Mallet. A situa\u00e7\u00e3o envolveu moradores de uma resid\u00eancia e terminou com o encaminhamento dos envolvidos ao destacamento policial. Conforme o boletim de ocorr\u00eancia, a equipe foi acionada ap\u00f3s um morador relatar excesso de [&hellip;]<\/p>\n","protected":false},"author":2,"featured_media":40506,"comment_status":"open","ping_status":"open","sticky":false,"template":"","format":"standard","meta":{"footnotes":""},"categories":[184,2],"tags":[172],"class_list":["post-45733","post","type-post","status-publish","format-standard","has-post-thumbnail","hentry","category-local","category-policial","tag-featured"],"amp_enabled":true,"_links":{"self":[{"href":"https:\/\/radiostudiow.com.br\/site\/wp-json\/wp\/v2\/posts\/45733","targetHints":{"allow":["GET"]}}],"collection":[{"href":"https:\/\/radiostudiow.com.br\/site\/wp-json\/wp\/v2\/posts"}],"about":[{"href":"https:\/\/radiostudiow.com.br\/site\/wp-json\/wp\/v2\/types\/post"}],"author":[{"embeddable":true,"href":"https:\/\/radiostudiow.com.br\/site\/wp-json\/wp\/v2\/users\/2"}],"replies":[{"embeddable":true,"href":"https:\/\/radiostudiow.com.br\/site\/wp-json\/wp\/v2\/comments?post=45733"}],"version-history":[{"count":1,"href":"https:\/\/radiostudiow.com.br\/site\/wp-json\/wp\/v2\/posts\/45733\/revisions"}],"predecessor-version":[{"id":45739,"href":"https:\/\/radiostudiow.com.br\/site\/wp-json\/wp\/v2\/posts\/45733\/revisions\/45739"}],"wp:featuredmedia":[{"embeddable":true,"href":"https:\/\/radiostudiow.com.br\/site\/wp-json\/wp\/v2\/media\/40506"}],"wp:attachment":[{"href":"https:\/\/radiostudiow.com.br\/site\/wp-json\/wp\/v2\/media?parent=45733"}],"wp:term":[{"taxonomy":"category","embeddable":true,"href":"https:\/\/radiostudiow.com.br\/site\/wp-json\/wp\/v2\/categories?post=45733"},{"taxonomy":"post_tag","embeddable":true,"href":"https:\/\/radiostudiow.com.br\/site\/wp-json\/wp\/v2\/tags?post=45733"}],"curies":[{"name":"wp","href":"https:\/\/api.w.org\/{rel}","templated":true}]}}