{"id":45734,"date":"2025-12-20T18:05:26","date_gmt":"2025-12-20T21:05:26","guid":{"rendered":"https:\/\/radiostudiow.com.br\/site\/?p=45734"},"modified":"2025-12-20T18:13:27","modified_gmt":"2025-12-20T21:13:27","slug":"caminhoneiro-embriagado-colide-em-bar-e-acaba-preso-em-reboucas","status":"publish","type":"post","link":"https:\/\/radiostudiow.com.br\/site\/2025\/12\/20\/caminhoneiro-embriagado-colide-em-bar-e-acaba-preso-em-reboucas\/","title":{"rendered":"Caminhoneiro embriagado colide em estabelecimento comercial e acaba preso em Rebou\u00e7as"},"content":{"rendered":"\n<p><\/p>\n\n\n\n<figure class=\"wp-block-image size-full\"><img loading=\"lazy\" decoding=\"async\" width=\"897\" height=\"204\" src=\"https:\/\/radiostudiow.com.br\/site\/wp-content\/uploads\/2025\/02\/SITE-GRANDE7.png\" alt=\"\" class=\"wp-image-33861\" srcset=\"https:\/\/radiostudiow.com.br\/site\/wp-content\/uploads\/2025\/02\/SITE-GRANDE7.png 897w, https:\/\/radiostudiow.com.br\/site\/wp-content\/uploads\/2025\/02\/SITE-GRANDE7-300x68.png 300w, https:\/\/radiostudiow.com.br\/site\/wp-content\/uploads\/2025\/02\/SITE-GRANDE7-768x175.png 768w\" sizes=\"auto, (max-width: 897px) 100vw, 897px\" \/><\/figure>\n\n\n\n<p><\/p>\n\n\n\n<p style=\"font-size:21px\">Um acidente de tr\u00e2nsito ocorrido na noite de sexta-feira (19) resultou na pris\u00e3o de um caminhoneiro por embriaguez ao volante no munic\u00edpio de Rebou\u00e7as.<\/p>\n\n\n\n<p style=\"font-size:21px\">A ocorr\u00eancia foi atendida pela Pol\u00edcia Militar por volta das 21h, ap\u00f3s solicita\u00e7\u00e3o informando que um caminh\u00e3o havia colidido contra um estabelecimento comercial.<\/p>\n\n\n\n<p style=\"font-size:21px\">Ao chegar ao local, a equipe policial encontrou um caminh\u00e3o Scania\/R124 que havia atingido a estrutura de um bar, causando danos materiais.<\/p>\n\n\n\n<p style=\"font-size:21px\">Havia um grande aglomerado de pessoas no entorno do local, contendo o condutor do ve\u00edculo, que apresentava sinais evidentes de embriaguez, como fala alterada, odor et\u00edlico e dificuldade de equil\u00edbrio.<\/p>\n\n\n\n<p style=\"font-size:21px\">Em conversa com os policiais, o motorista relatou que participava de um evento festivo realizado na pra\u00e7a p\u00fablica do munic\u00edpio, onde ingeriu grande quantidade de bebida alco\u00f3lica.<\/p>\n\n\n\n<p style=\"font-size:21px\">Segundo o pr\u00f3prio condutor, ao sair do local dirigindo o caminh\u00e3o e realizar uma convers\u00e3o em via urbana, acabou perdendo o controle da dire\u00e7\u00e3o, vindo a colidir contra o estabelecimento comercial.<\/p>\n\n\n\n<p style=\"font-size:21px\">Diante do vis\u00edvel estado de embriaguez, foi realizado o teste do etil\u00f4metro, que apontou 0,80 mg\/L de \u00e1lcool por litro de ar alveolar, valor bem acima do limite permitido pela legisla\u00e7\u00e3o de tr\u00e2nsito.<\/p>\n\n\n\n<p style=\"font-size:21px\">Com base no resultado e nas circunst\u00e2ncias, foi dada voz de pris\u00e3o ao motorista, que foi encaminhado \u00e0 41\u00aa Delegacia de Pol\u00edcia Civil para os procedimentos legais.<\/p>\n\n\n\n<p style=\"font-size:21px\">O caminh\u00e3o envolvido no acidente foi liberado no local a um respons\u00e1vel indicado. Apesar do impacto, n\u00e3o houve registro de feridos, sendo constatados apenas danos materiais ao bar. A Pol\u00edcia Militar refor\u00e7a que dirigir sob efeito de \u00e1lcool coloca em risco a vida do pr\u00f3prio condutor e de terceiros.<\/p>\n\n\n\n<p><\/p>\n\n\n\n<figure class=\"wp-block-image size-full\"><img loading=\"lazy\" decoding=\"async\" width=\"900\" height=\"205\" src=\"https:\/\/radiostudiow.com.br\/site\/wp-content\/uploads\/2024\/03\/bannertijolao-e1733625657395.jpg\" alt=\"\" class=\"wp-image-20494\" srcset=\"https:\/\/radiostudiow.com.br\/site\/wp-content\/uploads\/2024\/03\/bannertijolao-e1733625657395.jpg 900w, https:\/\/radiostudiow.com.br\/site\/wp-content\/uploads\/2024\/03\/bannertijolao-e1733625657395-300x68.jpg 300w, https:\/\/radiostudiow.com.br\/site\/wp-content\/uploads\/2024\/03\/bannertijolao-e1733625657395-768x175.jpg 768w\" sizes=\"auto, (max-width: 900px) 100vw, 900px\" \/><\/figure>\n\n\n\n<p><\/p>\n\n\n\n<figure class=\"wp-block-video\"><video height=\"850\" style=\"aspect-ratio: 474 \/ 850;\" width=\"474\" controls muted src=\"https:\/\/radiostudiow.com.br\/site\/wp-content\/uploads\/2025\/12\/WhatsApp-Video-2025-12-20-at-14.37.43-1.mp4\"><\/video><\/figure>\n\n\n\n<p><\/p>\n\n\n\n<figure class=\"wp-block-video\"><video height=\"480\" style=\"aspect-ratio: 848 \/ 480;\" width=\"848\" controls muted src=\"https:\/\/radiostudiow.com.br\/site\/wp-content\/uploads\/2025\/12\/WhatsApp-Video-2025-12-20-at-14.37.43.mp4\"><\/video><\/figure>\n\n\n\n<p><\/p>\n\n\n\n<p><\/p>\n\n\n\n<figure class=\"wp-block-image size-full\"><img loading=\"lazy\" decoding=\"async\" width=\"897\" height=\"204\" src=\"https:\/\/radiostudiow.com.br\/site\/wp-content\/uploads\/2025\/06\/BARROS.png\" alt=\"\" class=\"wp-image-39575\" srcset=\"https:\/\/radiostudiow.com.br\/site\/wp-content\/uploads\/2025\/06\/BARROS.png 897w, https:\/\/radiostudiow.com.br\/site\/wp-content\/uploads\/2025\/06\/BARROS-300x68.png 300w, https:\/\/radiostudiow.com.br\/site\/wp-content\/uploads\/2025\/06\/BARROS-768x175.png 768w\" sizes=\"auto, (max-width: 897px) 100vw, 897px\" \/><\/figure>\n","protected":false},"excerpt":{"rendered":"<p>Um acidente de tr\u00e2nsito ocorrido na noite de sexta-feira (19) resultou na pris\u00e3o de um caminhoneiro por embriaguez ao volante no munic\u00edpio de Rebou\u00e7as. A ocorr\u00eancia foi atendida pela Pol\u00edcia Militar por volta das 21h, ap\u00f3s solicita\u00e7\u00e3o informando que um caminh\u00e3o havia colidido contra um estabelecimento comercial. Ao chegar ao local, a equipe policial encontrou [&hellip;]<\/p>\n","protected":false},"author":2,"featured_media":45742,"comment_status":"open","ping_status":"open","sticky":false,"template":"","format":"standard","meta":{"footnotes":""},"categories":[185],"tags":[172],"class_list":["post-45734","post","type-post","status-publish","format-standard","has-post-thumbnail","hentry","category-regional","tag-featured"],"amp_enabled":true,"_links":{"self":[{"href":"https:\/\/radiostudiow.com.br\/site\/wp-json\/wp\/v2\/posts\/45734","targetHints":{"allow":["GET"]}}],"collection":[{"href":"https:\/\/radiostudiow.com.br\/site\/wp-json\/wp\/v2\/posts"}],"about":[{"href":"https:\/\/radiostudiow.com.br\/site\/wp-json\/wp\/v2\/types\/post"}],"author":[{"embeddable":true,"href":"https:\/\/radiostudiow.com.br\/site\/wp-json\/wp\/v2\/users\/2"}],"replies":[{"embeddable":true,"href":"https:\/\/radiostudiow.com.br\/site\/wp-json\/wp\/v2\/comments?post=45734"}],"version-history":[{"count":4,"href":"https:\/\/radiostudiow.com.br\/site\/wp-json\/wp\/v2\/posts\/45734\/revisions"}],"predecessor-version":[{"id":45747,"href":"https:\/\/radiostudiow.com.br\/site\/wp-json\/wp\/v2\/posts\/45734\/revisions\/45747"}],"wp:featuredmedia":[{"embeddable":true,"href":"https:\/\/radiostudiow.com.br\/site\/wp-json\/wp\/v2\/media\/45742"}],"wp:attachment":[{"href":"https:\/\/radiostudiow.com.br\/site\/wp-json\/wp\/v2\/media?parent=45734"}],"wp:term":[{"taxonomy":"category","embeddable":true,"href":"https:\/\/radiostudiow.com.br\/site\/wp-json\/wp\/v2\/categories?post=45734"},{"taxonomy":"post_tag","embeddable":true,"href":"https:\/\/radiostudiow.com.br\/site\/wp-json\/wp\/v2\/tags?post=45734"}],"curies":[{"name":"wp","href":"https:\/\/api.w.org\/{rel}","templated":true}]}}