{"id":45762,"date":"2025-12-22T08:39:13","date_gmt":"2025-12-22T11:39:13","guid":{"rendered":"https:\/\/radiostudiow.com.br\/site\/?p=45762"},"modified":"2025-12-22T08:50:53","modified_gmt":"2025-12-22T11:50:53","slug":"casal-de-general-carneiro-morreram-em-acidente-na-br-153","status":"publish","type":"post","link":"https:\/\/radiostudiow.com.br\/site\/2025\/12\/22\/casal-de-general-carneiro-morreram-em-acidente-na-br-153\/","title":{"rendered":"Casal de General Carneiro morreram em acidente na BR-153"},"content":{"rendered":"\n<p>Um grave acidente de tr\u00e2nsito registrado\u00a0resultou na morte de duas pessoas na\u00a0BR-153, em\u00a0General Carneiro por volta das\u00a020 horas de\u00a0s\u00e1bado (20).<\/p>\n\n\n\n<p>A colis\u00e3o aconteceu no quil\u00f4metro 519 da rodovia, na regi\u00e3o da\u00a0Serra do Honorato, envolvendo um autom\u00f3vel VW\/Gol de cor branca e um caminh\u00e3o Mercedes-Benz Atego, de cor amarela, com placas de Veran\u00f3polis (RS), que transportava uma m\u00e1quina. A batida foi\u00a0frontal.<\/p>\n\n\n\n<figure class=\"wp-block-image size-full\"><img loading=\"lazy\" decoding=\"async\" width=\"897\" height=\"204\" src=\"https:\/\/radiostudiow.com.br\/site\/wp-content\/uploads\/2025\/03\/image-62.png\" alt=\"\" class=\"wp-image-35859\" srcset=\"https:\/\/radiostudiow.com.br\/site\/wp-content\/uploads\/2025\/03\/image-62.png 897w, https:\/\/radiostudiow.com.br\/site\/wp-content\/uploads\/2025\/03\/image-62-300x68.png 300w, https:\/\/radiostudiow.com.br\/site\/wp-content\/uploads\/2025\/03\/image-62-768x175.png 768w\" sizes=\"auto, (max-width: 897px) 100vw, 897px\" \/><\/figure>\n\n\n\n<p>O condutor do caminh\u00e3o n\u00e3o sofreu ferimentos. J\u00e1 os ocupantes do carro\u00a0morreram no local\u00a0em decorr\u00eancia da gravidade do impacto, e o ve\u00edculo ficou completamente destru\u00eddo.<\/p>\n\n\n\n<p>As v\u00edtimas foram identificadas como\u00a0Osmarino Ribeiro dos Santos\u00a0e\u00a0Sandra Maria Biscaia,\u00a0casal residente no interior de General Carneiro.<\/p>\n\n\n\n<figure class=\"wp-block-image size-full\"><img loading=\"lazy\" decoding=\"async\" width=\"598\" height=\"204\" src=\"https:\/\/radiostudiow.com.br\/site\/wp-content\/uploads\/2024\/01\/SITE-MEDIO.png\" alt=\"\" class=\"wp-image-18916\" srcset=\"https:\/\/radiostudiow.com.br\/site\/wp-content\/uploads\/2024\/01\/SITE-MEDIO.png 598w, https:\/\/radiostudiow.com.br\/site\/wp-content\/uploads\/2024\/01\/SITE-MEDIO-300x102.png 300w\" sizes=\"auto, (max-width: 598px) 100vw, 598px\" \/><\/figure>\n\n\n\n<p>Equipes do\u00a0Corpo de Bombeiros\u00a0trabalharam por v\u00e1rias horas no atendimento da ocorr\u00eancia, realizando o desencarceramento das v\u00edtimas que ficaram presas \u00e0s ferragens.<\/p>\n\n\n\n<p>A\u00a0Pol\u00edcia Cient\u00edfica\u00a0foi acionada para per\u00edcia no local.<\/p>\n\n\n\n<p>Ap\u00f3s os exames, os corpos foram recolhidos pelo\u00a0Instituto M\u00e9dico-Legal (IML)\u00a0de Uni\u00e3o da Vit\u00f3ria. A\u00a0Pol\u00edcia Rodovi\u00e1ria Federal (PRF)\u00a0acompanhou a ocorr\u00eancia e orientou o tr\u00e2nsito durante os procedimentos. As causas do acidente ser\u00e3o investigadas.<\/p>\n\n\n\n<figure class=\"wp-block-image size-large\"><img loading=\"lazy\" decoding=\"async\" width=\"1024\" height=\"751\" src=\"https:\/\/radiostudiow.com.br\/site\/wp-content\/uploads\/2025\/12\/IMG_9890-e1766315947138-1024x751.png\" alt=\"\" class=\"wp-image-45764\" srcset=\"https:\/\/radiostudiow.com.br\/site\/wp-content\/uploads\/2025\/12\/IMG_9890-e1766315947138-1024x751.png 1024w, https:\/\/radiostudiow.com.br\/site\/wp-content\/uploads\/2025\/12\/IMG_9890-e1766315947138-300x220.png 300w, https:\/\/radiostudiow.com.br\/site\/wp-content\/uploads\/2025\/12\/IMG_9890-e1766315947138-768x563.png 768w, https:\/\/radiostudiow.com.br\/site\/wp-content\/uploads\/2025\/12\/IMG_9890-e1766315947138.png 1046w\" sizes=\"auto, (max-width: 1024px) 100vw, 1024px\" \/><\/figure>\n","protected":false},"excerpt":{"rendered":"<p>Um grave acidente de tr\u00e2nsito registrado\u00a0resultou na morte de duas pessoas na\u00a0BR-153, em\u00a0General Carneiro por volta das\u00a020 horas de\u00a0s\u00e1bado (20). A colis\u00e3o aconteceu no quil\u00f4metro 519 da rodovia, na regi\u00e3o da\u00a0Serra do Honorato, envolvendo um autom\u00f3vel VW\/Gol de cor branca e um caminh\u00e3o Mercedes-Benz Atego, de cor amarela, com placas de Veran\u00f3polis (RS), que transportava [&hellip;]<\/p>\n","protected":false},"author":2,"featured_media":45763,"comment_status":"open","ping_status":"open","sticky":false,"template":"","format":"standard","meta":{"footnotes":""},"categories":[185],"tags":[172],"class_list":["post-45762","post","type-post","status-publish","format-standard","has-post-thumbnail","hentry","category-regional","tag-featured"],"amp_enabled":true,"_links":{"self":[{"href":"https:\/\/radiostudiow.com.br\/site\/wp-json\/wp\/v2\/posts\/45762","targetHints":{"allow":["GET"]}}],"collection":[{"href":"https:\/\/radiostudiow.com.br\/site\/wp-json\/wp\/v2\/posts"}],"about":[{"href":"https:\/\/radiostudiow.com.br\/site\/wp-json\/wp\/v2\/types\/post"}],"author":[{"embeddable":true,"href":"https:\/\/radiostudiow.com.br\/site\/wp-json\/wp\/v2\/users\/2"}],"replies":[{"embeddable":true,"href":"https:\/\/radiostudiow.com.br\/site\/wp-json\/wp\/v2\/comments?post=45762"}],"version-history":[{"count":1,"href":"https:\/\/radiostudiow.com.br\/site\/wp-json\/wp\/v2\/posts\/45762\/revisions"}],"predecessor-version":[{"id":45765,"href":"https:\/\/radiostudiow.com.br\/site\/wp-json\/wp\/v2\/posts\/45762\/revisions\/45765"}],"wp:featuredmedia":[{"embeddable":true,"href":"https:\/\/radiostudiow.com.br\/site\/wp-json\/wp\/v2\/media\/45763"}],"wp:attachment":[{"href":"https:\/\/radiostudiow.com.br\/site\/wp-json\/wp\/v2\/media?parent=45762"}],"wp:term":[{"taxonomy":"category","embeddable":true,"href":"https:\/\/radiostudiow.com.br\/site\/wp-json\/wp\/v2\/categories?post=45762"},{"taxonomy":"post_tag","embeddable":true,"href":"https:\/\/radiostudiow.com.br\/site\/wp-json\/wp\/v2\/tags?post=45762"}],"curies":[{"name":"wp","href":"https:\/\/api.w.org\/{rel}","templated":true}]}}