{"id":45766,"date":"2025-12-22T08:48:29","date_gmt":"2025-12-22T11:48:29","guid":{"rendered":"https:\/\/radiostudiow.com.br\/site\/?p=45766"},"modified":"2025-12-22T08:50:42","modified_gmt":"2025-12-22T11:50:42","slug":"tres-pessoas-morrem-durante-acidente-e-br-476-fica-interdita-em-contenda","status":"publish","type":"post","link":"https:\/\/radiostudiow.com.br\/site\/2025\/12\/22\/tres-pessoas-morrem-durante-acidente-e-br-476-fica-interdita-em-contenda\/","title":{"rendered":"Tr\u00eas pessoas morrem durante acidente e BR-476 fica interdita em Contenda"},"content":{"rendered":"\n<p>Um\u00a0grave acidente envolvendo quatro ve\u00edculos deixou tr\u00eas pessoas mortas no quil\u00f4metro 177 da BR-476, em Contenda, na Regi\u00e3o Metropolitana de Curitiba na madrugada deste s\u00e1bado (20).<\/p>\n\n\n\n<p>Segundo a Pol\u00edcia Rodovi\u00e1ria Federal, o acidente envolveu um caminh\u00e3o, uma carreta e dois carros de passeio.<\/p>\n\n\n\n<figure class=\"wp-block-image size-full\"><img loading=\"lazy\" decoding=\"async\" width=\"897\" height=\"207\" src=\"https:\/\/radiostudiow.com.br\/site\/wp-content\/uploads\/2025\/07\/TIJOLAO.png\" alt=\"\" class=\"wp-image-40184\" srcset=\"https:\/\/radiostudiow.com.br\/site\/wp-content\/uploads\/2025\/07\/TIJOLAO.png 897w, https:\/\/radiostudiow.com.br\/site\/wp-content\/uploads\/2025\/07\/TIJOLAO-300x69.png 300w, https:\/\/radiostudiow.com.br\/site\/wp-content\/uploads\/2025\/07\/TIJOLAO-768x177.png 768w\" sizes=\"auto, (max-width: 897px) 100vw, 897px\" \/><\/figure>\n\n\n\n<p> A colis\u00e3o foi lateral, seguida de uma batida frontal. Outras duas pessoas tamb\u00e9m morreram no local e duas ficaram feridas, com ferimentos leves.<\/p>\n\n\n\n<p>Os corpos foram recolhidos pelo Instituto M\u00e9dico-Legal. A rodovia ficou totalmente interditada durante a madrugada para o trabalho da per\u00edcia e das equipes de resgate. <\/p>\n\n\n\n<p>Na manh\u00e3 deste s\u00e1bado, o tr\u00e2nsito ainda apresenta lentid\u00e3o no trecho, e a PRF orienta os motoristas a redobrar a aten\u00e7\u00e3o.<\/p>\n\n\n\n<figure class=\"wp-block-image size-full\"><img loading=\"lazy\" decoding=\"async\" width=\"598\" height=\"204\" src=\"https:\/\/radiostudiow.com.br\/site\/wp-content\/uploads\/2025\/04\/BOROX.png\" alt=\"\" class=\"wp-image-37229\" srcset=\"https:\/\/radiostudiow.com.br\/site\/wp-content\/uploads\/2025\/04\/BOROX.png 598w, https:\/\/radiostudiow.com.br\/site\/wp-content\/uploads\/2025\/04\/BOROX-300x102.png 300w\" sizes=\"auto, (max-width: 598px) 100vw, 598px\" \/><\/figure>\n\n\n\n<figure class=\"wp-block-image size-full\"><img loading=\"lazy\" decoding=\"async\" width=\"720\" height=\"410\" src=\"https:\/\/radiostudiow.com.br\/site\/wp-content\/uploads\/2025\/12\/image-58.png\" alt=\"\" class=\"wp-image-45767\" srcset=\"https:\/\/radiostudiow.com.br\/site\/wp-content\/uploads\/2025\/12\/image-58.png 720w, https:\/\/radiostudiow.com.br\/site\/wp-content\/uploads\/2025\/12\/image-58-300x171.png 300w\" sizes=\"auto, (max-width: 720px) 100vw, 720px\" \/><\/figure>\n\n\n\n<figure class=\"wp-block-image size-full\"><img loading=\"lazy\" decoding=\"async\" width=\"1024\" height=\"538\" src=\"https:\/\/radiostudiow.com.br\/site\/wp-content\/uploads\/2025\/12\/image-59.png\" alt=\"\" class=\"wp-image-45768\" srcset=\"https:\/\/radiostudiow.com.br\/site\/wp-content\/uploads\/2025\/12\/image-59.png 1024w, https:\/\/radiostudiow.com.br\/site\/wp-content\/uploads\/2025\/12\/image-59-300x158.png 300w, https:\/\/radiostudiow.com.br\/site\/wp-content\/uploads\/2025\/12\/image-59-768x404.png 768w\" sizes=\"auto, (max-width: 1024px) 100vw, 1024px\" \/><\/figure>\n","protected":false},"excerpt":{"rendered":"<p>Um\u00a0grave acidente envolvendo quatro ve\u00edculos deixou tr\u00eas pessoas mortas no quil\u00f4metro 177 da BR-476, em Contenda, na Regi\u00e3o Metropolitana de Curitiba na madrugada deste s\u00e1bado (20). Segundo a Pol\u00edcia Rodovi\u00e1ria Federal, o acidente envolveu um caminh\u00e3o, uma carreta e dois carros de passeio. A colis\u00e3o foi lateral, seguida de uma batida frontal. Outras duas pessoas [&hellip;]<\/p>\n","protected":false},"author":2,"featured_media":45769,"comment_status":"open","ping_status":"open","sticky":false,"template":"","format":"standard","meta":{"footnotes":""},"categories":[185],"tags":[172],"class_list":["post-45766","post","type-post","status-publish","format-standard","has-post-thumbnail","hentry","category-regional","tag-featured"],"amp_enabled":true,"_links":{"self":[{"href":"https:\/\/radiostudiow.com.br\/site\/wp-json\/wp\/v2\/posts\/45766","targetHints":{"allow":["GET"]}}],"collection":[{"href":"https:\/\/radiostudiow.com.br\/site\/wp-json\/wp\/v2\/posts"}],"about":[{"href":"https:\/\/radiostudiow.com.br\/site\/wp-json\/wp\/v2\/types\/post"}],"author":[{"embeddable":true,"href":"https:\/\/radiostudiow.com.br\/site\/wp-json\/wp\/v2\/users\/2"}],"replies":[{"embeddable":true,"href":"https:\/\/radiostudiow.com.br\/site\/wp-json\/wp\/v2\/comments?post=45766"}],"version-history":[{"count":1,"href":"https:\/\/radiostudiow.com.br\/site\/wp-json\/wp\/v2\/posts\/45766\/revisions"}],"predecessor-version":[{"id":45770,"href":"https:\/\/radiostudiow.com.br\/site\/wp-json\/wp\/v2\/posts\/45766\/revisions\/45770"}],"wp:featuredmedia":[{"embeddable":true,"href":"https:\/\/radiostudiow.com.br\/site\/wp-json\/wp\/v2\/media\/45769"}],"wp:attachment":[{"href":"https:\/\/radiostudiow.com.br\/site\/wp-json\/wp\/v2\/media?parent=45766"}],"wp:term":[{"taxonomy":"category","embeddable":true,"href":"https:\/\/radiostudiow.com.br\/site\/wp-json\/wp\/v2\/categories?post=45766"},{"taxonomy":"post_tag","embeddable":true,"href":"https:\/\/radiostudiow.com.br\/site\/wp-json\/wp\/v2\/tags?post=45766"}],"curies":[{"name":"wp","href":"https:\/\/api.w.org\/{rel}","templated":true}]}}