{"id":45771,"date":"2025-12-22T08:50:28","date_gmt":"2025-12-22T11:50:28","guid":{"rendered":"https:\/\/radiostudiow.com.br\/site\/?p=45771"},"modified":"2025-12-22T08:58:54","modified_gmt":"2025-12-22T11:58:54","slug":"tres-pessoas-ficam-feridas-em-acidente-na-br-476-em-antonio-olinto","status":"publish","type":"post","link":"https:\/\/radiostudiow.com.br\/site\/2025\/12\/22\/tres-pessoas-ficam-feridas-em-acidente-na-br-476-em-antonio-olinto\/","title":{"rendered":"Tr\u00eas pessoas ficam feridas em acidente na BR-476 em Ant\u00f4nio Olinto"},"content":{"rendered":"\n<figure class=\"wp-block-image size-large\"><img loading=\"lazy\" decoding=\"async\" width=\"1024\" height=\"335\" src=\"https:\/\/radiostudiow.com.br\/site\/wp-content\/uploads\/2025\/12\/novo-Rodape-1024x335.png\" alt=\"\" class=\"wp-image-45379\" srcset=\"https:\/\/radiostudiow.com.br\/site\/wp-content\/uploads\/2025\/12\/novo-Rodape-1024x335.png 1024w, https:\/\/radiostudiow.com.br\/site\/wp-content\/uploads\/2025\/12\/novo-Rodape-300x98.png 300w, https:\/\/radiostudiow.com.br\/site\/wp-content\/uploads\/2025\/12\/novo-Rodape-768x251.png 768w, https:\/\/radiostudiow.com.br\/site\/wp-content\/uploads\/2025\/12\/novo-Rodape-1536x503.png 1536w, https:\/\/radiostudiow.com.br\/site\/wp-content\/uploads\/2025\/12\/novo-Rodape-2048x670.png 2048w\" sizes=\"auto, (max-width: 1024px) 100vw, 1024px\" \/><\/figure>\n\n\n\n<p>Um acidente de tr\u00e2nsito foi registrado na rodovia BR-476, no km 253, na entrada da localidade de Imbuial, no munic\u00edpio de Ant\u00f4nio Olinto na tarde de sexta-feira (19).<\/p>\n\n\n\n<p>De acordo com informa\u00e7\u00f5es do Corpo de Bombeiros de S\u00e3o Mateus do Sul, que atendeu a ocorr\u00eancia, a colis\u00e3o envolveu um caminh\u00e3o carregado com batatas e um ve\u00edculo automotor.&nbsp;Com o impacto, o caminh\u00e3o acabou tombando, espalhando parte da carga sobre a pista.<\/p>\n\n\n\n<p>No autom\u00f3vel, duas pessoas ficaram feridas e foram classificadas com ferimentos moderados. J\u00e1 o condutor do caminh\u00e3o sofreu ferimentos leves, sendo classificado como v\u00edtima de c\u00f3digo 1.<\/p>\n\n\n\n<figure class=\"wp-block-gallery has-nested-images columns-default is-cropped wp-block-gallery-1 is-layout-flex wp-block-gallery-is-layout-flex\">\n<figure class=\"wp-block-image size-large\"><img loading=\"lazy\" decoding=\"async\" width=\"1024\" height=\"614\" data-id=\"45321\" src=\"https:\/\/radiostudiow.com.br\/site\/wp-content\/uploads\/2025\/12\/SITES-PEQUENO-GRANDE-1024x614.png\" alt=\"\" class=\"wp-image-45321\" srcset=\"https:\/\/radiostudiow.com.br\/site\/wp-content\/uploads\/2025\/12\/SITES-PEQUENO-GRANDE-1024x614.png 1024w, https:\/\/radiostudiow.com.br\/site\/wp-content\/uploads\/2025\/12\/SITES-PEQUENO-GRANDE-300x180.png 300w, https:\/\/radiostudiow.com.br\/site\/wp-content\/uploads\/2025\/12\/SITES-PEQUENO-GRANDE-768x461.png 768w, https:\/\/radiostudiow.com.br\/site\/wp-content\/uploads\/2025\/12\/SITES-PEQUENO-GRANDE-1536x921.png 1536w, https:\/\/radiostudiow.com.br\/site\/wp-content\/uploads\/2025\/12\/SITES-PEQUENO-GRANDE-1000x600.png 1000w, https:\/\/radiostudiow.com.br\/site\/wp-content\/uploads\/2025\/12\/SITES-PEQUENO-GRANDE-590x354.png 590w, https:\/\/radiostudiow.com.br\/site\/wp-content\/uploads\/2025\/12\/SITES-PEQUENO-GRANDE-400x240.png 400w, https:\/\/radiostudiow.com.br\/site\/wp-content\/uploads\/2025\/12\/SITES-PEQUENO-GRANDE.png 1672w\" sizes=\"auto, (max-width: 1024px) 100vw, 1024px\" \/><\/figure>\n\n\n\n<figure class=\"wp-block-image size-large\"><img loading=\"lazy\" decoding=\"async\" width=\"300\" height=\"180\" data-id=\"38684\" src=\"https:\/\/radiostudiow.com.br\/site\/wp-content\/uploads\/2025\/05\/SITE-PEQUENO.jpg\" alt=\"\" class=\"wp-image-38684\"\/><\/figure>\n<\/figure>\n\n\n\n<p>O atendimento contou com o apoio de viaturas do Servi\u00e7o de Atendimento M\u00f3vel de Urg\u00eancia (SAMU). As v\u00edtimas receberam os primeiros socorros no local e foram encaminhadas para avalia\u00e7\u00e3o m\u00e9dica no Pronto Atendimento de S\u00e3o Mateus do Sul.<\/p>\n\n\n\n<p>As circunst\u00e2ncias do acidente n\u00e3o foram detalhadas, e a rodovia registrou lentid\u00e3o durante o atendimento da ocorr\u00eancia e a retirada da carga da pista.<\/p>\n\n\n\n<p><\/p>\n","protected":false},"excerpt":{"rendered":"<p>Um acidente de tr\u00e2nsito foi registrado na rodovia BR-476, no km 253, na entrada da localidade de Imbuial, no munic\u00edpio de Ant\u00f4nio Olinto na tarde de sexta-feira (19). De acordo com informa\u00e7\u00f5es do Corpo de Bombeiros de S\u00e3o Mateus do Sul, que atendeu a ocorr\u00eancia, a colis\u00e3o envolveu um caminh\u00e3o carregado com batatas e um [&hellip;]<\/p>\n","protected":false},"author":2,"featured_media":45772,"comment_status":"open","ping_status":"open","sticky":false,"template":"","format":"standard","meta":{"footnotes":""},"categories":[185],"tags":[172],"class_list":["post-45771","post","type-post","status-publish","format-standard","has-post-thumbnail","hentry","category-regional","tag-featured"],"amp_enabled":true,"_links":{"self":[{"href":"https:\/\/radiostudiow.com.br\/site\/wp-json\/wp\/v2\/posts\/45771","targetHints":{"allow":["GET"]}}],"collection":[{"href":"https:\/\/radiostudiow.com.br\/site\/wp-json\/wp\/v2\/posts"}],"about":[{"href":"https:\/\/radiostudiow.com.br\/site\/wp-json\/wp\/v2\/types\/post"}],"author":[{"embeddable":true,"href":"https:\/\/radiostudiow.com.br\/site\/wp-json\/wp\/v2\/users\/2"}],"replies":[{"embeddable":true,"href":"https:\/\/radiostudiow.com.br\/site\/wp-json\/wp\/v2\/comments?post=45771"}],"version-history":[{"count":2,"href":"https:\/\/radiostudiow.com.br\/site\/wp-json\/wp\/v2\/posts\/45771\/revisions"}],"predecessor-version":[{"id":45775,"href":"https:\/\/radiostudiow.com.br\/site\/wp-json\/wp\/v2\/posts\/45771\/revisions\/45775"}],"wp:featuredmedia":[{"embeddable":true,"href":"https:\/\/radiostudiow.com.br\/site\/wp-json\/wp\/v2\/media\/45772"}],"wp:attachment":[{"href":"https:\/\/radiostudiow.com.br\/site\/wp-json\/wp\/v2\/media?parent=45771"}],"wp:term":[{"taxonomy":"category","embeddable":true,"href":"https:\/\/radiostudiow.com.br\/site\/wp-json\/wp\/v2\/categories?post=45771"},{"taxonomy":"post_tag","embeddable":true,"href":"https:\/\/radiostudiow.com.br\/site\/wp-json\/wp\/v2\/tags?post=45771"}],"curies":[{"name":"wp","href":"https:\/\/api.w.org\/{rel}","templated":true}]}}