{"id":45782,"date":"2025-12-22T18:38:01","date_gmt":"2025-12-22T21:38:01","guid":{"rendered":"https:\/\/radiostudiow.com.br\/site\/?p=45782"},"modified":"2025-12-22T18:38:01","modified_gmt":"2025-12-22T21:38:01","slug":"servidor-e-preso-com-cocaina-e-arma-em-veiculo-da-prefeitura-de-general-carneiro","status":"publish","type":"post","link":"https:\/\/radiostudiow.com.br\/site\/2025\/12\/22\/servidor-e-preso-com-cocaina-e-arma-em-veiculo-da-prefeitura-de-general-carneiro\/","title":{"rendered":"Servidor \u00e9 preso com coca\u00edna e arma em ve\u00edculo da Prefeitura de General Carneiro"},"content":{"rendered":"\n<p>Um servidor p\u00fablico municipal foi preso em flagrante em General Carneiro, ap\u00f3s ser interceptado pela Pol\u00edcia enquanto utilizava um ve\u00edculo oficial da Prefeitura para o transporte de entorpecentes na tarde desta segunda-feira (22).<\/p>\n\n\n\n<figure class=\"wp-block-image size-full\"><img loading=\"lazy\" decoding=\"async\" width=\"897\" height=\"204\" src=\"https:\/\/radiostudiow.com.br\/site\/wp-content\/uploads\/2025\/03\/BARAO-NOVO-NOTICIAS-1.jpg\" alt=\"\" class=\"wp-image-35084\" srcset=\"https:\/\/radiostudiow.com.br\/site\/wp-content\/uploads\/2025\/03\/BARAO-NOVO-NOTICIAS-1.jpg 897w, https:\/\/radiostudiow.com.br\/site\/wp-content\/uploads\/2025\/03\/BARAO-NOVO-NOTICIAS-1-300x68.jpg 300w, https:\/\/radiostudiow.com.br\/site\/wp-content\/uploads\/2025\/03\/BARAO-NOVO-NOTICIAS-1-768x175.jpg 768w\" sizes=\"auto, (max-width: 897px) 100vw, 897px\" \/><\/figure>\n\n\n\n<p>O funcion\u00e1rio, que atuava na Secretaria Municipal de Sa\u00fade, teria abandonado a atividade para a qual estava designado e passado a usar o autom\u00f3vel p\u00fablico para levar drogas do bairro Limeira at\u00e9 o munic\u00edpio. A a\u00e7\u00e3o policial foi desencadeada a partir de uma den\u00fancia, que levou \u00e0 abordagem do ve\u00edculo.<\/p>\n\n\n\n<p>Durante a fiscaliza\u00e7\u00e3o, os agentes localizaram uma pistola Glock calibre 9 mm e mais de meio quilo de coca\u00edna em posse do condutor. Al\u00e9m do servidor, um homem e uma mulher tamb\u00e9m foram detidos e encaminhados \u00e0 delegacia para as provid\u00eancias cab\u00edveis.<\/p>\n\n\n\n<figure class=\"wp-block-image size-full\"><img loading=\"lazy\" decoding=\"async\" width=\"598\" height=\"204\" src=\"https:\/\/radiostudiow.com.br\/site\/wp-content\/uploads\/2024\/10\/labirati.png\" alt=\"\" class=\"wp-image-28854\" srcset=\"https:\/\/radiostudiow.com.br\/site\/wp-content\/uploads\/2024\/10\/labirati.png 598w, https:\/\/radiostudiow.com.br\/site\/wp-content\/uploads\/2024\/10\/labirati-300x102.png 300w\" sizes=\"auto, (max-width: 598px) 100vw, 598px\" \/><\/figure>\n\n\n\n<p>O carro oficial foi apreendido e levado \u00e0 unidade policial, permanecendo \u00e0 disposi\u00e7\u00e3o para posterior devolu\u00e7\u00e3o ao \u00f3rg\u00e3o p\u00fablico. O caso est\u00e1 sendo apurado por meio de inqu\u00e9rito policial.<\/p>\n\n\n\n<p>Em nota, a Administra\u00e7\u00e3o Municipal afirmou que repudia a conduta do servidor e que todas as medidas administrativas e legais ser\u00e3o adotadas. A Prefeitura informou ainda que qualquer funcion\u00e1rio envolvido na ocorr\u00eancia ser\u00e1 imediatamente afastado de suas fun\u00e7\u00f5es.<\/p>\n","protected":false},"excerpt":{"rendered":"<p>Um servidor p\u00fablico municipal foi preso em flagrante em General Carneiro, ap\u00f3s ser interceptado pela Pol\u00edcia enquanto utilizava um ve\u00edculo oficial da Prefeitura para o transporte de entorpecentes na tarde desta segunda-feira (22). O funcion\u00e1rio, que atuava na Secretaria Municipal de Sa\u00fade, teria abandonado a atividade para a qual estava designado e passado a usar [&hellip;]<\/p>\n","protected":false},"author":2,"featured_media":32845,"comment_status":"open","ping_status":"open","sticky":false,"template":"","format":"standard","meta":{"footnotes":""},"categories":[2],"tags":[172],"class_list":["post-45782","post","type-post","status-publish","format-standard","has-post-thumbnail","hentry","category-policial","tag-featured"],"amp_enabled":true,"_links":{"self":[{"href":"https:\/\/radiostudiow.com.br\/site\/wp-json\/wp\/v2\/posts\/45782","targetHints":{"allow":["GET"]}}],"collection":[{"href":"https:\/\/radiostudiow.com.br\/site\/wp-json\/wp\/v2\/posts"}],"about":[{"href":"https:\/\/radiostudiow.com.br\/site\/wp-json\/wp\/v2\/types\/post"}],"author":[{"embeddable":true,"href":"https:\/\/radiostudiow.com.br\/site\/wp-json\/wp\/v2\/users\/2"}],"replies":[{"embeddable":true,"href":"https:\/\/radiostudiow.com.br\/site\/wp-json\/wp\/v2\/comments?post=45782"}],"version-history":[{"count":1,"href":"https:\/\/radiostudiow.com.br\/site\/wp-json\/wp\/v2\/posts\/45782\/revisions"}],"predecessor-version":[{"id":45783,"href":"https:\/\/radiostudiow.com.br\/site\/wp-json\/wp\/v2\/posts\/45782\/revisions\/45783"}],"wp:featuredmedia":[{"embeddable":true,"href":"https:\/\/radiostudiow.com.br\/site\/wp-json\/wp\/v2\/media\/32845"}],"wp:attachment":[{"href":"https:\/\/radiostudiow.com.br\/site\/wp-json\/wp\/v2\/media?parent=45782"}],"wp:term":[{"taxonomy":"category","embeddable":true,"href":"https:\/\/radiostudiow.com.br\/site\/wp-json\/wp\/v2\/categories?post=45782"},{"taxonomy":"post_tag","embeddable":true,"href":"https:\/\/radiostudiow.com.br\/site\/wp-json\/wp\/v2\/tags?post=45782"}],"curies":[{"name":"wp","href":"https:\/\/api.w.org\/{rel}","templated":true}]}}