{"id":45784,"date":"2025-12-22T19:01:12","date_gmt":"2025-12-22T22:01:12","guid":{"rendered":"https:\/\/radiostudiow.com.br\/site\/?p=45784"},"modified":"2025-12-22T19:01:12","modified_gmt":"2025-12-22T22:01:12","slug":"roubos-caem-19-no-parana-e-furtos-mantem-tendencia-de-queda-em-2025","status":"publish","type":"post","link":"https:\/\/radiostudiow.com.br\/site\/2025\/12\/22\/roubos-caem-19-no-parana-e-furtos-mantem-tendencia-de-queda-em-2025\/","title":{"rendered":"Roubos caem 19% no Paran\u00e1 e furtos mant\u00eam tend\u00eancia de queda em 2025"},"content":{"rendered":"\n<p>Os \u00edndices de criminalidade no Paran\u00e1 registraram queda significativa em 2025. De acordo com dados da Secretaria da Seguran\u00e7a P\u00fablica do Paran\u00e1 (Sesp), os roubos diminu\u00edram 19% entre janeiro e novembro deste ano em compara\u00e7\u00e3o com o mesmo per\u00edodo de 2024. Foram 13.624 ocorr\u00eancias em 2025, frente a 16.798 registros nos primeiros 11 meses do ano anterior.<\/p>\n\n\n\n<p>No mesmo intervalo, os furtos tamb\u00e9m apresentaram redu\u00e7\u00e3o de 4,5%, passando de 136.708 para 130.854 casos, mantendo a tend\u00eancia de queda observada ao longo de todo o ano. Os n\u00fameros fazem parte de levantamento do Centro de An\u00e1lise, Planejamento e Estat\u00edstica (Cape) da Sesp.<\/p>\n\n\n\n<figure class=\"wp-block-image size-full\"><img loading=\"lazy\" decoding=\"async\" width=\"897\" height=\"204\" src=\"https:\/\/radiostudiow.com.br\/site\/wp-content\/uploads\/2025\/05\/NUTRI-MALLET.png\" alt=\"\" class=\"wp-image-37813\" srcset=\"https:\/\/radiostudiow.com.br\/site\/wp-content\/uploads\/2025\/05\/NUTRI-MALLET.png 897w, https:\/\/radiostudiow.com.br\/site\/wp-content\/uploads\/2025\/05\/NUTRI-MALLET-300x68.png 300w, https:\/\/radiostudiow.com.br\/site\/wp-content\/uploads\/2025\/05\/NUTRI-MALLET-768x175.png 768w\" sizes=\"auto, (max-width: 897px) 100vw, 897px\" \/><\/figure>\n\n\n\n<p>Os crimes envolvendo ve\u00edculos tiveram retra\u00e7\u00e3o ainda mais expressiva. Os roubos de ve\u00edculos ca\u00edram 25%, passando de 1.960 ocorr\u00eancias em 2024 para 1.471 em 2025. J\u00e1 os furtos de ve\u00edculos recuaram 21,5% no comparativo entre os dois anos, com redu\u00e7\u00e3o de 10.442 para 8.208 registros.<\/p>\n\n\n\n<p>Segundo o secret\u00e1rio da Seguran\u00e7a P\u00fablica, Hudson Le\u00f4ncio Teixeira, os resultados refletem o trabalho integrado das for\u00e7as de seguran\u00e7a.<\/p>\n\n\n\n<blockquote class=\"wp-block-quote is-layout-flow wp-block-quote-is-layout-flow\">\n<p>\u201cO Paran\u00e1 atua com intelig\u00eancia, integra\u00e7\u00e3o e investimentos para enfrentar o crime organizado e entender as causas das ocorr\u00eancias em cada regi\u00e3o. A amplia\u00e7\u00e3o do efetivo, a moderniza\u00e7\u00e3o de equipamentos e o uso de tecnologia t\u00eam sido fundamentais para a redu\u00e7\u00e3o dos principais indicadores criminais\u201d, destacou.<\/p>\n<\/blockquote>\n\n\n\n<p>A queda se torna ainda mais significativa quando comparada a anos anteriores. Entre 2023 e 2025, considerando os primeiros 11 meses de cada ano, os roubos no Estado diminu\u00edram 38,5%, passando de 22.096 para 13.624 ocorr\u00eancias. No mesmo per\u00edodo, os furtos ca\u00edram 14,25%, de 152.558 para 130.854 registros.<\/p>\n\n\n\n<figure class=\"wp-block-gallery has-nested-images columns-default is-cropped wp-block-gallery-1 is-layout-flex wp-block-gallery-is-layout-flex\">\n<figure class=\"wp-block-image size-large\"><img decoding=\"async\" data-id=\"44123\" src=\"https:\/\/radiostudiow.com.br\/site\/wp-content\/uploads\/2025\/10\/SUPREMA-BARBA.png\" alt=\"\" class=\"wp-image-44123\"\/><\/figure>\n\n\n\n<figure class=\"wp-block-image size-large\"><img loading=\"lazy\" decoding=\"async\" width=\"300\" height=\"180\" data-id=\"41962\" src=\"https:\/\/radiostudiow.com.br\/site\/wp-content\/uploads\/2025\/08\/LILO.png\" alt=\"\" class=\"wp-image-41962\"\/><\/figure>\n<\/figure>\n\n\n\n<p>Os roubos de ve\u00edculos apresentaram redu\u00e7\u00e3o de 48,5% no comparativo entre 2023 e 2025, enquanto os furtos de ve\u00edculos recuaram 29,5%.<\/p>\n\n\n\n<p>No recorte hist\u00f3rico mais amplo, a compara\u00e7\u00e3o entre 2018 e 2025 evidencia uma redu\u00e7\u00e3o superior a 75% nos roubos no Paran\u00e1, com queda de 55.972 para 13.624 ocorr\u00eancias. Os furtos diminu\u00edram cerca de 17% no mesmo per\u00edodo. J\u00e1 os roubos de ve\u00edculos ca\u00edram 80%, e os furtos de ve\u00edculos tiveram redu\u00e7\u00e3o de 49,5%, consolidando um dos menores \u00edndices da s\u00e9rie hist\u00f3rica.<\/p>\n","protected":false},"excerpt":{"rendered":"<p>Os \u00edndices de criminalidade no Paran\u00e1 registraram queda significativa em 2025. De acordo com dados da Secretaria da Seguran\u00e7a P\u00fablica do Paran\u00e1 (Sesp), os roubos diminu\u00edram 19% entre janeiro e novembro deste ano em compara\u00e7\u00e3o com o mesmo per\u00edodo de 2024. Foram 13.624 ocorr\u00eancias em 2025, frente a 16.798 registros nos primeiros 11 meses do [&hellip;]<\/p>\n","protected":false},"author":2,"featured_media":45785,"comment_status":"open","ping_status":"open","sticky":false,"template":"","format":"standard","meta":{"footnotes":""},"categories":[2],"tags":[172],"class_list":["post-45784","post","type-post","status-publish","format-standard","has-post-thumbnail","hentry","category-policial","tag-featured"],"amp_enabled":true,"_links":{"self":[{"href":"https:\/\/radiostudiow.com.br\/site\/wp-json\/wp\/v2\/posts\/45784","targetHints":{"allow":["GET"]}}],"collection":[{"href":"https:\/\/radiostudiow.com.br\/site\/wp-json\/wp\/v2\/posts"}],"about":[{"href":"https:\/\/radiostudiow.com.br\/site\/wp-json\/wp\/v2\/types\/post"}],"author":[{"embeddable":true,"href":"https:\/\/radiostudiow.com.br\/site\/wp-json\/wp\/v2\/users\/2"}],"replies":[{"embeddable":true,"href":"https:\/\/radiostudiow.com.br\/site\/wp-json\/wp\/v2\/comments?post=45784"}],"version-history":[{"count":1,"href":"https:\/\/radiostudiow.com.br\/site\/wp-json\/wp\/v2\/posts\/45784\/revisions"}],"predecessor-version":[{"id":45786,"href":"https:\/\/radiostudiow.com.br\/site\/wp-json\/wp\/v2\/posts\/45784\/revisions\/45786"}],"wp:featuredmedia":[{"embeddable":true,"href":"https:\/\/radiostudiow.com.br\/site\/wp-json\/wp\/v2\/media\/45785"}],"wp:attachment":[{"href":"https:\/\/radiostudiow.com.br\/site\/wp-json\/wp\/v2\/media?parent=45784"}],"wp:term":[{"taxonomy":"category","embeddable":true,"href":"https:\/\/radiostudiow.com.br\/site\/wp-json\/wp\/v2\/categories?post=45784"},{"taxonomy":"post_tag","embeddable":true,"href":"https:\/\/radiostudiow.com.br\/site\/wp-json\/wp\/v2\/tags?post=45784"}],"curies":[{"name":"wp","href":"https:\/\/api.w.org\/{rel}","templated":true}]}}