{"id":45807,"date":"2025-12-23T11:54:33","date_gmt":"2025-12-23T14:54:33","guid":{"rendered":"https:\/\/radiostudiow.com.br\/site\/?p=45807"},"modified":"2025-12-23T11:54:34","modified_gmt":"2025-12-23T14:54:34","slug":"pcpr-cumpre-segundo-mandado-de-prisao-por-homicidio-doloso-no-transito-de-imbituva","status":"publish","type":"post","link":"https:\/\/radiostudiow.com.br\/site\/2025\/12\/23\/pcpr-cumpre-segundo-mandado-de-prisao-por-homicidio-doloso-no-transito-de-imbituva\/","title":{"rendered":"PCPR CUMPRE SEGUNDO MANDADO DE PRIS\u00c3O POR HOMIC\u00cdDIO DOLOSO NO TRANSITO DE IMBITUVA"},"content":{"rendered":"\n<figure class=\"wp-block-image size-full\"><img loading=\"lazy\" decoding=\"async\" width=\"897\" height=\"204\" src=\"https:\/\/radiostudiow.com.br\/site\/wp-content\/uploads\/2025\/05\/NUTRI-MALLET.png\" alt=\"\" class=\"wp-image-37813\" srcset=\"https:\/\/radiostudiow.com.br\/site\/wp-content\/uploads\/2025\/05\/NUTRI-MALLET.png 897w, https:\/\/radiostudiow.com.br\/site\/wp-content\/uploads\/2025\/05\/NUTRI-MALLET-300x68.png 300w, https:\/\/radiostudiow.com.br\/site\/wp-content\/uploads\/2025\/05\/NUTRI-MALLET-768x175.png 768w\" sizes=\"auto, (max-width: 897px) 100vw, 897px\" \/><\/figure>\n\n\n\n<p>A Policia Civil do Paran\u00e1 por interm\u00e9dio da Delegacia de Imbituva, cumpriu na tarde de hoje 22\/12\/25, o segundo mandado de pris\u00e3o por participa\u00e7\u00e3o no homic\u00eddio doloso no tr\u00e2nsito que vitimou Greifer Rosa.<\/p>\n\n\n\n<p>Os fatos ocorreram na data de 25\/10\/2025 por volta das 00h54, onde ocorreu um atropelamento na avenida centen\u00e1rio em Imbituva, a vitima atravessava a rua indo sentido a entrada da casa de shows 147, quando foi atingido por um veiculo Fiat palio, o qual ap\u00f3s ter atropelado a vitima saiu em alta velocidade, n\u00e3o parando e nem prestando socorro. A vitima foi socorrida e encaminhada ao Pronto Atendimento Municipal, o qual por volta das 02h30 veio a \u00f3bito.<\/p>\n\n\n\n<p>A investiga\u00e7\u00e3o apontou que os suspeitos esperaram a v\u00edtima atravessar a rua e, em alta velocidade, o atingiram na contra m\u00e3o evidenciando a inten\u00e7\u00e3o de praticar o crime utilizando o ve\u00edculo como arma para ceifar a vida da v\u00edtima.<\/p>\n\n\n\n<figure class=\"wp-block-gallery has-nested-images columns-default is-cropped wp-block-gallery-1 is-layout-flex wp-block-gallery-is-layout-flex\">\n<figure class=\"wp-block-image size-large\"><img loading=\"lazy\" decoding=\"async\" width=\"1024\" height=\"614\" data-id=\"45321\" src=\"https:\/\/radiostudiow.com.br\/site\/wp-content\/uploads\/2025\/12\/SITES-PEQUENO-GRANDE-1024x614.png\" alt=\"\" class=\"wp-image-45321\" srcset=\"https:\/\/radiostudiow.com.br\/site\/wp-content\/uploads\/2025\/12\/SITES-PEQUENO-GRANDE-1024x614.png 1024w, https:\/\/radiostudiow.com.br\/site\/wp-content\/uploads\/2025\/12\/SITES-PEQUENO-GRANDE-300x180.png 300w, https:\/\/radiostudiow.com.br\/site\/wp-content\/uploads\/2025\/12\/SITES-PEQUENO-GRANDE-768x461.png 768w, https:\/\/radiostudiow.com.br\/site\/wp-content\/uploads\/2025\/12\/SITES-PEQUENO-GRANDE-1536x921.png 1536w, https:\/\/radiostudiow.com.br\/site\/wp-content\/uploads\/2025\/12\/SITES-PEQUENO-GRANDE-1000x600.png 1000w, https:\/\/radiostudiow.com.br\/site\/wp-content\/uploads\/2025\/12\/SITES-PEQUENO-GRANDE-590x354.png 590w, https:\/\/radiostudiow.com.br\/site\/wp-content\/uploads\/2025\/12\/SITES-PEQUENO-GRANDE-400x240.png 400w, https:\/\/radiostudiow.com.br\/site\/wp-content\/uploads\/2025\/12\/SITES-PEQUENO-GRANDE.png 1672w\" sizes=\"auto, (max-width: 1024px) 100vw, 1024px\" \/><\/figure>\n\n\n\n<figure class=\"wp-block-image size-large\"><img loading=\"lazy\" decoding=\"async\" width=\"300\" height=\"180\" data-id=\"39582\" src=\"https:\/\/radiostudiow.com.br\/site\/wp-content\/uploads\/2025\/06\/PLAY-HALL.png\" alt=\"\" class=\"wp-image-39582\"\/><\/figure>\n\n\n\n<figure class=\"wp-block-image size-large\"><img decoding=\"async\" data-id=\"44123\" src=\"https:\/\/radiostudiow.com.br\/site\/wp-content\/uploads\/2025\/10\/SUPREMA-BARBA.png\" alt=\"\" class=\"wp-image-44123\"\/><\/figure>\n<\/figure>\n\n\n\n<p>Na tarde de hoje a equipe encontrou o homem suspeito em via p\u00fablica sendo-lhe informado do mandado de pris\u00e3o em aberto.<\/p>\n\n\n\n<p>Em seu interrogat\u00f3rio, o preso alegou que n\u00e3o participou diretamente do atropelamento, somente tendo emprestado um im\u00f3vel para ocultar o ve\u00edculo utilizado no crime.<\/p>\n\n\n\n<p>O preso foi encaminhado para a Cadeia P\u00fablica de Irati onde permanecer\u00e1 \u00e0 disposi\u00e7\u00e3o da Justi\u00e7a.<\/p>\n\n\n\n<p><strong><em>DENUNCIAS \u2013 A PCPR solicita a colabora\u00e7\u00e3o da popula\u00e7\u00e3o com informa\u00e7\u00f5es que auxiliem nas investiga\u00e7\u00f5es e localiza\u00e7\u00e3o de foragidos da justi\u00e7a. As denuncias podem ser feitas de forma an\u00f4nima, pelo n\u00fameros 197 da PCPR, 181 do Disque-Den\u00fancia, ou pelo WhatsApp (42) 3436-1177 diretamente \u00e0 equipe de investiga\u00e7\u00e3o.<\/em><\/strong><\/p>\n","protected":false},"excerpt":{"rendered":"<p>A Policia Civil do Paran\u00e1 por interm\u00e9dio da Delegacia de Imbituva, cumpriu na tarde de hoje 22\/12\/25, o segundo mandado de pris\u00e3o por participa\u00e7\u00e3o no homic\u00eddio doloso no tr\u00e2nsito que vitimou Greifer Rosa. Os fatos ocorreram na data de 25\/10\/2025 por volta das 00h54, onde ocorreu um atropelamento na avenida centen\u00e1rio em Imbituva, a vitima [&hellip;]<\/p>\n","protected":false},"author":2,"featured_media":45809,"comment_status":"open","ping_status":"open","sticky":false,"template":"","format":"standard","meta":{"footnotes":""},"categories":[2],"tags":[172],"class_list":["post-45807","post","type-post","status-publish","format-standard","has-post-thumbnail","hentry","category-policial","tag-featured"],"amp_enabled":true,"_links":{"self":[{"href":"https:\/\/radiostudiow.com.br\/site\/wp-json\/wp\/v2\/posts\/45807","targetHints":{"allow":["GET"]}}],"collection":[{"href":"https:\/\/radiostudiow.com.br\/site\/wp-json\/wp\/v2\/posts"}],"about":[{"href":"https:\/\/radiostudiow.com.br\/site\/wp-json\/wp\/v2\/types\/post"}],"author":[{"embeddable":true,"href":"https:\/\/radiostudiow.com.br\/site\/wp-json\/wp\/v2\/users\/2"}],"replies":[{"embeddable":true,"href":"https:\/\/radiostudiow.com.br\/site\/wp-json\/wp\/v2\/comments?post=45807"}],"version-history":[{"count":2,"href":"https:\/\/radiostudiow.com.br\/site\/wp-json\/wp\/v2\/posts\/45807\/revisions"}],"predecessor-version":[{"id":45810,"href":"https:\/\/radiostudiow.com.br\/site\/wp-json\/wp\/v2\/posts\/45807\/revisions\/45810"}],"wp:featuredmedia":[{"embeddable":true,"href":"https:\/\/radiostudiow.com.br\/site\/wp-json\/wp\/v2\/media\/45809"}],"wp:attachment":[{"href":"https:\/\/radiostudiow.com.br\/site\/wp-json\/wp\/v2\/media?parent=45807"}],"wp:term":[{"taxonomy":"category","embeddable":true,"href":"https:\/\/radiostudiow.com.br\/site\/wp-json\/wp\/v2\/categories?post=45807"},{"taxonomy":"post_tag","embeddable":true,"href":"https:\/\/radiostudiow.com.br\/site\/wp-json\/wp\/v2\/tags?post=45807"}],"curies":[{"name":"wp","href":"https:\/\/api.w.org\/{rel}","templated":true}]}}