{"id":45816,"date":"2025-12-23T18:39:10","date_gmt":"2025-12-23T21:39:10","guid":{"rendered":"https:\/\/radiostudiow.com.br\/site\/?p=45816"},"modified":"2025-12-23T18:39:11","modified_gmt":"2025-12-23T21:39:11","slug":"homem-foge-apos-furtar-pecas-intimas-e-objeto-de-loja-em-reboucas","status":"publish","type":"post","link":"https:\/\/radiostudiow.com.br\/site\/2025\/12\/23\/homem-foge-apos-furtar-pecas-intimas-e-objeto-de-loja-em-reboucas\/","title":{"rendered":"Homem foge ap\u00f3s furtar pe\u00e7as int\u00edmas e objeto de loja em Rebou\u00e7as"},"content":{"rendered":"\n<figure class=\"wp-block-image size-full\"><img loading=\"lazy\" decoding=\"async\" width=\"897\" height=\"204\" src=\"https:\/\/radiostudiow.com.br\/site\/wp-content\/uploads\/2025\/03\/BARAO-NOVO-NOTICIAS-1.jpg\" alt=\"\" class=\"wp-image-35084\" srcset=\"https:\/\/radiostudiow.com.br\/site\/wp-content\/uploads\/2025\/03\/BARAO-NOVO-NOTICIAS-1.jpg 897w, https:\/\/radiostudiow.com.br\/site\/wp-content\/uploads\/2025\/03\/BARAO-NOVO-NOTICIAS-1-300x68.jpg 300w, https:\/\/radiostudiow.com.br\/site\/wp-content\/uploads\/2025\/03\/BARAO-NOVO-NOTICIAS-1-768x175.jpg 768w\" sizes=\"auto, (max-width: 897px) 100vw, 897px\" \/><\/figure>\n\n\n\n<p>A equipe da Pol\u00edcia Militar de Rebou\u00e7as foi acionada para atendimento de uma situa\u00e7\u00e3o de furto numa loja na \u00e1rea central por volta das 18h35min dessa segunda-feira (22).<\/p>\n\n\n\n<p>No local, o vendedor relatou que um homem, entrou na loja e pegou tr\u00eas pe\u00e7as de roupas \u00edntimas, realizou o pagamento de uma, mas levou duas sem pagar, e um objeto decorativo.<\/p>\n\n\n\n<p>A equipe policial diante de tais informa\u00e7\u00f5es e poss\u00edvel suspeito, realizou patrulhamento por toda extens\u00e3o comercial e adjac\u00eancias, mas sem \u00eaxito em localizar o poss\u00edvel autor.<\/p>\n\n\n\n<p>Diante dos fatos, foi confeccionado o boletim de ocorr\u00eancia e realizado as orienta\u00e7\u00f5es cab\u00edveis.<\/p>\n\n\n\n<figure class=\"wp-block-image size-full\"><img loading=\"lazy\" decoding=\"async\" width=\"494\" height=\"285\" src=\"https:\/\/radiostudiow.com.br\/site\/wp-content\/uploads\/2025\/11\/sobanski-arte.jpg\" alt=\"\" class=\"wp-image-44763\" srcset=\"https:\/\/radiostudiow.com.br\/site\/wp-content\/uploads\/2025\/11\/sobanski-arte.jpg 494w, https:\/\/radiostudiow.com.br\/site\/wp-content\/uploads\/2025\/11\/sobanski-arte-300x173.jpg 300w\" sizes=\"auto, (max-width: 494px) 100vw, 494px\" \/><\/figure>\n","protected":false},"excerpt":{"rendered":"<p>A equipe da Pol\u00edcia Militar de Rebou\u00e7as foi acionada para atendimento de uma situa\u00e7\u00e3o de furto numa loja na \u00e1rea central por volta das 18h35min dessa segunda-feira (22). No local, o vendedor relatou que um homem, entrou na loja e pegou tr\u00eas pe\u00e7as de roupas \u00edntimas, realizou o pagamento de uma, mas levou duas sem [&hellip;]<\/p>\n","protected":false},"author":2,"featured_media":32852,"comment_status":"open","ping_status":"open","sticky":false,"template":"","format":"standard","meta":{"footnotes":""},"categories":[2],"tags":[172],"class_list":["post-45816","post","type-post","status-publish","format-standard","has-post-thumbnail","hentry","category-policial","tag-featured"],"amp_enabled":true,"_links":{"self":[{"href":"https:\/\/radiostudiow.com.br\/site\/wp-json\/wp\/v2\/posts\/45816","targetHints":{"allow":["GET"]}}],"collection":[{"href":"https:\/\/radiostudiow.com.br\/site\/wp-json\/wp\/v2\/posts"}],"about":[{"href":"https:\/\/radiostudiow.com.br\/site\/wp-json\/wp\/v2\/types\/post"}],"author":[{"embeddable":true,"href":"https:\/\/radiostudiow.com.br\/site\/wp-json\/wp\/v2\/users\/2"}],"replies":[{"embeddable":true,"href":"https:\/\/radiostudiow.com.br\/site\/wp-json\/wp\/v2\/comments?post=45816"}],"version-history":[{"count":1,"href":"https:\/\/radiostudiow.com.br\/site\/wp-json\/wp\/v2\/posts\/45816\/revisions"}],"predecessor-version":[{"id":45817,"href":"https:\/\/radiostudiow.com.br\/site\/wp-json\/wp\/v2\/posts\/45816\/revisions\/45817"}],"wp:featuredmedia":[{"embeddable":true,"href":"https:\/\/radiostudiow.com.br\/site\/wp-json\/wp\/v2\/media\/32852"}],"wp:attachment":[{"href":"https:\/\/radiostudiow.com.br\/site\/wp-json\/wp\/v2\/media?parent=45816"}],"wp:term":[{"taxonomy":"category","embeddable":true,"href":"https:\/\/radiostudiow.com.br\/site\/wp-json\/wp\/v2\/categories?post=45816"},{"taxonomy":"post_tag","embeddable":true,"href":"https:\/\/radiostudiow.com.br\/site\/wp-json\/wp\/v2\/tags?post=45816"}],"curies":[{"name":"wp","href":"https:\/\/api.w.org\/{rel}","templated":true}]}}