{"id":45825,"date":"2025-12-24T09:44:37","date_gmt":"2025-12-24T12:44:37","guid":{"rendered":"https:\/\/radiostudiow.com.br\/site\/?p=45825"},"modified":"2025-12-24T09:44:38","modified_gmt":"2025-12-24T12:44:38","slug":"prf-realiza-operacao-com-radares-simultaneos-na-br-277-entre-palmeira-e-candoi","status":"publish","type":"post","link":"https:\/\/radiostudiow.com.br\/site\/2025\/12\/24\/prf-realiza-operacao-com-radares-simultaneos-na-br-277-entre-palmeira-e-candoi\/","title":{"rendered":"PRF realiza opera\u00e7\u00e3o com radares simult\u00e2neos na BR-277, entre Palmeira e Cand\u00f3i"},"content":{"rendered":"\n<figure class=\"wp-block-image size-full\"><img loading=\"lazy\" decoding=\"async\" width=\"897\" height=\"204\" src=\"https:\/\/radiostudiow.com.br\/site\/wp-content\/uploads\/2025\/05\/NUTRI-MALLET.png\" alt=\"\" class=\"wp-image-37813\" srcset=\"https:\/\/radiostudiow.com.br\/site\/wp-content\/uploads\/2025\/05\/NUTRI-MALLET.png 897w, https:\/\/radiostudiow.com.br\/site\/wp-content\/uploads\/2025\/05\/NUTRI-MALLET-300x68.png 300w, https:\/\/radiostudiow.com.br\/site\/wp-content\/uploads\/2025\/05\/NUTRI-MALLET-768x175.png 768w\" sizes=\"auto, (max-width: 897px) 100vw, 897px\" \/><\/figure>\n\n\n\n<p><em>A\u00e7\u00e3o integra a Opera\u00e7\u00e3o Rodovida 2025\/2026 e refor\u00e7a o combate ao excesso de velocidade<\/em><\/p>\n\n\n\n<p>A Pol\u00edcia Rodovi\u00e1ria Federal (PRF) realizou, nesta ter\u00e7a-feira (23), uma opera\u00e7\u00e3o de fiscaliza\u00e7\u00e3o com o emprego de radares simult\u00e2neos em diversos pontos da BR-277, ao longo do trecho que abrange os munic\u00edpios entre Cand\u00f3i (PR) e Palmeira (PR), \u00e1rea de circunscri\u00e7\u00e3o da Delegacia da PRF em Guarapuava.<\/p>\n\n\n\n<p>A fiscaliza\u00e7\u00e3o ocorreu ao longo de todo o dia e foi planejada de forma estrat\u00e9gica, priorizando locais com hist\u00f3rico de excesso de velocidade e maior incid\u00eancia de sinistros de tr\u00e2nsito.<\/p>\n\n\n\n<p>Durante a opera\u00e7\u00e3o, foram registradas 35 imagens de ve\u00edculos em excesso de velocidade, incluindo flagrantes de condutores transitando a velocidades superiores a 140 km\/h, o que representa elevado risco \u00e0 seguran\u00e7a vi\u00e1ria.<\/p>\n\n\n\n<figure class=\"wp-block-image size-full\"><img loading=\"lazy\" decoding=\"async\" width=\"598\" height=\"204\" src=\"https:\/\/radiostudiow.com.br\/site\/wp-content\/uploads\/2024\/10\/labirati.png\" alt=\"\" class=\"wp-image-28854\" srcset=\"https:\/\/radiostudiow.com.br\/site\/wp-content\/uploads\/2024\/10\/labirati.png 598w, https:\/\/radiostudiow.com.br\/site\/wp-content\/uploads\/2024\/10\/labirati-300x102.png 300w\" sizes=\"auto, (max-width: 598px) 100vw, 598px\" \/><\/figure>\n\n\n\n<p>A opera\u00e7\u00e3o integra a Opera\u00e7\u00e3o Rodovida 2025\/2026, que re\u00fane um conjunto de a\u00e7\u00f5es educativas, preventivas e de fiscaliza\u00e7\u00e3o voltadas \u00e0 promo\u00e7\u00e3o da seguran\u00e7a vi\u00e1ria, especialmente em per\u00edodos de aumento do fluxo de ve\u00edculos nas rodovias federais.<\/p>\n\n\n\n<p>Al\u00e9m da fiscaliza\u00e7\u00e3o eletr\u00f4nica, a presen\u00e7a ostensiva da PRF ao longo da rodovia \u00e9 fundamental para inibir comportamentos de risco, como o excesso de velocidade, ultrapassagens indevidas e o desrespeito \u00e0s normas de tr\u00e2nsito.<\/p>\n\n\n\n<p>A PRF refor\u00e7a que respeitar os limites de velocidade \u00e9 essencial para a seguran\u00e7a de todos os usu\u00e1rios da rodovia e seguir\u00e1 intensificando esse tipo de fiscaliza\u00e7\u00e3o como forma de promover um tr\u00e2nsito mais seguro.<\/p>\n\n\n\n<figure class=\"wp-block-image size-full\"><img loading=\"lazy\" decoding=\"async\" width=\"731\" height=\"204\" src=\"https:\/\/radiostudiow.com.br\/site\/wp-content\/uploads\/2025\/10\/ZAIONS.png\" alt=\"\" class=\"wp-image-44147\" srcset=\"https:\/\/radiostudiow.com.br\/site\/wp-content\/uploads\/2025\/10\/ZAIONS.png 731w, https:\/\/radiostudiow.com.br\/site\/wp-content\/uploads\/2025\/10\/ZAIONS-300x84.png 300w\" sizes=\"auto, (max-width: 731px) 100vw, 731px\" \/><\/figure>\n\n\n\n<figure class=\"wp-block-image size-large\"><img loading=\"lazy\" decoding=\"async\" width=\"768\" height=\"1024\" src=\"https:\/\/radiostudiow.com.br\/site\/wp-content\/uploads\/2025\/12\/image-67-768x1024.png\" alt=\"\" class=\"wp-image-45827\" srcset=\"https:\/\/radiostudiow.com.br\/site\/wp-content\/uploads\/2025\/12\/image-67-768x1024.png 768w, https:\/\/radiostudiow.com.br\/site\/wp-content\/uploads\/2025\/12\/image-67-225x300.png 225w, https:\/\/radiostudiow.com.br\/site\/wp-content\/uploads\/2025\/12\/image-67.png 960w\" sizes=\"auto, (max-width: 768px) 100vw, 768px\" \/><\/figure>\n","protected":false},"excerpt":{"rendered":"<p>A\u00e7\u00e3o integra a Opera\u00e7\u00e3o Rodovida 2025\/2026 e refor\u00e7a o combate ao excesso de velocidade A Pol\u00edcia Rodovi\u00e1ria Federal (PRF) realizou, nesta ter\u00e7a-feira (23), uma opera\u00e7\u00e3o de fiscaliza\u00e7\u00e3o com o emprego de radares simult\u00e2neos em diversos pontos da BR-277, ao longo do trecho que abrange os munic\u00edpios entre Cand\u00f3i (PR) e Palmeira (PR), \u00e1rea de circunscri\u00e7\u00e3o [&hellip;]<\/p>\n","protected":false},"author":2,"featured_media":45826,"comment_status":"open","ping_status":"open","sticky":false,"template":"","format":"standard","meta":{"footnotes":""},"categories":[2],"tags":[172],"class_list":["post-45825","post","type-post","status-publish","format-standard","has-post-thumbnail","hentry","category-policial","tag-featured"],"amp_enabled":true,"_links":{"self":[{"href":"https:\/\/radiostudiow.com.br\/site\/wp-json\/wp\/v2\/posts\/45825","targetHints":{"allow":["GET"]}}],"collection":[{"href":"https:\/\/radiostudiow.com.br\/site\/wp-json\/wp\/v2\/posts"}],"about":[{"href":"https:\/\/radiostudiow.com.br\/site\/wp-json\/wp\/v2\/types\/post"}],"author":[{"embeddable":true,"href":"https:\/\/radiostudiow.com.br\/site\/wp-json\/wp\/v2\/users\/2"}],"replies":[{"embeddable":true,"href":"https:\/\/radiostudiow.com.br\/site\/wp-json\/wp\/v2\/comments?post=45825"}],"version-history":[{"count":1,"href":"https:\/\/radiostudiow.com.br\/site\/wp-json\/wp\/v2\/posts\/45825\/revisions"}],"predecessor-version":[{"id":45828,"href":"https:\/\/radiostudiow.com.br\/site\/wp-json\/wp\/v2\/posts\/45825\/revisions\/45828"}],"wp:featuredmedia":[{"embeddable":true,"href":"https:\/\/radiostudiow.com.br\/site\/wp-json\/wp\/v2\/media\/45826"}],"wp:attachment":[{"href":"https:\/\/radiostudiow.com.br\/site\/wp-json\/wp\/v2\/media?parent=45825"}],"wp:term":[{"taxonomy":"category","embeddable":true,"href":"https:\/\/radiostudiow.com.br\/site\/wp-json\/wp\/v2\/categories?post=45825"},{"taxonomy":"post_tag","embeddable":true,"href":"https:\/\/radiostudiow.com.br\/site\/wp-json\/wp\/v2\/tags?post=45825"}],"curies":[{"name":"wp","href":"https:\/\/api.w.org\/{rel}","templated":true}]}}