{"id":45846,"date":"2025-12-25T08:35:29","date_gmt":"2025-12-25T11:35:29","guid":{"rendered":"https:\/\/radiostudiow.com.br\/site\/?p=45846"},"modified":"2025-12-25T08:35:30","modified_gmt":"2025-12-25T11:35:30","slug":"capotamento-deixa-duas-pessoas-feridas-na-pr-281-em-mallet","status":"publish","type":"post","link":"https:\/\/radiostudiow.com.br\/site\/2025\/12\/25\/capotamento-deixa-duas-pessoas-feridas-na-pr-281-em-mallet\/","title":{"rendered":"Capotamento deixa duas pessoas feridas na PR-281, em Mallet"},"content":{"rendered":"\n<figure class=\"wp-block-image size-full\"><img loading=\"lazy\" decoding=\"async\" width=\"897\" height=\"204\" src=\"https:\/\/radiostudiow.com.br\/site\/wp-content\/uploads\/2025\/03\/image-62.png\" alt=\"\" class=\"wp-image-35859\" srcset=\"https:\/\/radiostudiow.com.br\/site\/wp-content\/uploads\/2025\/03\/image-62.png 897w, https:\/\/radiostudiow.com.br\/site\/wp-content\/uploads\/2025\/03\/image-62-300x68.png 300w, https:\/\/radiostudiow.com.br\/site\/wp-content\/uploads\/2025\/03\/image-62-768x175.png 768w\" sizes=\"auto, (max-width: 897px) 100vw, 897px\" \/><\/figure>\n\n\n\n<p class=\"has-medium-font-size\"><strong>Um acidente de tr\u00e2nsito foi registrado na tarde desta quarta-feira (24), v\u00e9spera de Natal, na rodovia PR-281, na localidade de Col\u00f4nia Duas, em Rio Claro do Sul, interior do munic\u00edpio de Mallet.<\/strong><\/p>\n\n\n\n<p>De acordo com as informa\u00e7\u00f5es, um ve\u00edculo Volkswagen Gol, com placas do padr\u00e3o Mercosul, capotou  na rodovia n\u00e3o pavimentada, resultando em duas pessoas feridas. <\/p>\n\n\n\n<p>As v\u00edtimas receberam atendimento da ambul\u00e2ncia de plant\u00e3o de Rio Claro e foram encaminhadas ao Hospital S\u00e3o Pedro de Mallet para avalia\u00e7\u00e3o m\u00e9dica.<\/p>\n\n\n\n<figure class=\"wp-block-image size-large\"><img loading=\"lazy\" decoding=\"async\" width=\"1024\" height=\"487\" src=\"https:\/\/radiostudiow.com.br\/site\/wp-content\/uploads\/2025\/12\/6f45d431-e26d-4715-bdf6-5deb1e35aa18-1024x487.jpg\" alt=\"\" class=\"wp-image-45847\" srcset=\"https:\/\/radiostudiow.com.br\/site\/wp-content\/uploads\/2025\/12\/6f45d431-e26d-4715-bdf6-5deb1e35aa18-1024x487.jpg 1024w, https:\/\/radiostudiow.com.br\/site\/wp-content\/uploads\/2025\/12\/6f45d431-e26d-4715-bdf6-5deb1e35aa18-300x143.jpg 300w, https:\/\/radiostudiow.com.br\/site\/wp-content\/uploads\/2025\/12\/6f45d431-e26d-4715-bdf6-5deb1e35aa18-768x365.jpg 768w, https:\/\/radiostudiow.com.br\/site\/wp-content\/uploads\/2025\/12\/6f45d431-e26d-4715-bdf6-5deb1e35aa18-1536x731.jpg 1536w, https:\/\/radiostudiow.com.br\/site\/wp-content\/uploads\/2025\/12\/6f45d431-e26d-4715-bdf6-5deb1e35aa18.jpg 1600w\" sizes=\"auto, (max-width: 1024px) 100vw, 1024px\" \/><\/figure>\n\n\n\n<figure class=\"wp-block-image size-full\"><img loading=\"lazy\" decoding=\"async\" width=\"897\" height=\"207\" src=\"https:\/\/radiostudiow.com.br\/site\/wp-content\/uploads\/2025\/07\/TIJOLAO.png\" alt=\"\" class=\"wp-image-40184\" srcset=\"https:\/\/radiostudiow.com.br\/site\/wp-content\/uploads\/2025\/07\/TIJOLAO.png 897w, https:\/\/radiostudiow.com.br\/site\/wp-content\/uploads\/2025\/07\/TIJOLAO-300x69.png 300w, https:\/\/radiostudiow.com.br\/site\/wp-content\/uploads\/2025\/07\/TIJOLAO-768x177.png 768w\" sizes=\"auto, (max-width: 897px) 100vw, 897px\" \/><\/figure>\n\n\n\n<p class=\"has-medium-font-size\"><strong>Segundo relatos de populares que estiveram no local do acidente, a condutora do autom\u00f3vel teria perdido o controle da dire\u00e7\u00e3o, o que ocasionou o capotamento. As causas exatas do acidente n\u00e3o foram oficialmente divulgadas.<\/strong><\/p>\n\n\n\n<p>O estado de sa\u00fade das v\u00edtimas n\u00e3o foi informado at\u00e9 o fechamento desta edi\u00e7\u00e3o.<\/p>\n\n\n\n<blockquote class=\"wp-block-quote is-layout-flow wp-block-quote-is-layout-flow\">\n<p>Informa\u00e7\u00f5es: Portal Rio Claro e fotos A. B.<\/p>\n<\/blockquote>\n\n\n\n<p><\/p>\n","protected":false},"excerpt":{"rendered":"<p>Um acidente de tr\u00e2nsito foi registrado na tarde desta quarta-feira (24), v\u00e9spera de Natal, na rodovia PR-281, na localidade de Col\u00f4nia Duas, em Rio Claro do Sul, interior do munic\u00edpio de Mallet. De acordo com as informa\u00e7\u00f5es, um ve\u00edculo Volkswagen Gol, com placas do padr\u00e3o Mercosul, capotou na rodovia n\u00e3o pavimentada, resultando em duas pessoas [&hellip;]<\/p>\n","protected":false},"author":2,"featured_media":45848,"comment_status":"open","ping_status":"open","sticky":false,"template":"","format":"standard","meta":{"footnotes":""},"categories":[184],"tags":[172],"class_list":["post-45846","post","type-post","status-publish","format-standard","has-post-thumbnail","hentry","category-local","tag-featured"],"amp_enabled":true,"_links":{"self":[{"href":"https:\/\/radiostudiow.com.br\/site\/wp-json\/wp\/v2\/posts\/45846","targetHints":{"allow":["GET"]}}],"collection":[{"href":"https:\/\/radiostudiow.com.br\/site\/wp-json\/wp\/v2\/posts"}],"about":[{"href":"https:\/\/radiostudiow.com.br\/site\/wp-json\/wp\/v2\/types\/post"}],"author":[{"embeddable":true,"href":"https:\/\/radiostudiow.com.br\/site\/wp-json\/wp\/v2\/users\/2"}],"replies":[{"embeddable":true,"href":"https:\/\/radiostudiow.com.br\/site\/wp-json\/wp\/v2\/comments?post=45846"}],"version-history":[{"count":1,"href":"https:\/\/radiostudiow.com.br\/site\/wp-json\/wp\/v2\/posts\/45846\/revisions"}],"predecessor-version":[{"id":45849,"href":"https:\/\/radiostudiow.com.br\/site\/wp-json\/wp\/v2\/posts\/45846\/revisions\/45849"}],"wp:featuredmedia":[{"embeddable":true,"href":"https:\/\/radiostudiow.com.br\/site\/wp-json\/wp\/v2\/media\/45848"}],"wp:attachment":[{"href":"https:\/\/radiostudiow.com.br\/site\/wp-json\/wp\/v2\/media?parent=45846"}],"wp:term":[{"taxonomy":"category","embeddable":true,"href":"https:\/\/radiostudiow.com.br\/site\/wp-json\/wp\/v2\/categories?post=45846"},{"taxonomy":"post_tag","embeddable":true,"href":"https:\/\/radiostudiow.com.br\/site\/wp-json\/wp\/v2\/tags?post=45846"}],"curies":[{"name":"wp","href":"https:\/\/api.w.org\/{rel}","templated":true}]}}