{"id":45850,"date":"2025-12-26T10:01:57","date_gmt":"2025-12-26T13:01:57","guid":{"rendered":"https:\/\/radiostudiow.com.br\/site\/?p=45850"},"modified":"2025-12-26T10:16:19","modified_gmt":"2025-12-26T13:16:19","slug":"motociclista-morre-apos-acidente-em-rio-azul","status":"publish","type":"post","link":"https:\/\/radiostudiow.com.br\/site\/2025\/12\/26\/motociclista-morre-apos-acidente-em-rio-azul\/","title":{"rendered":"Motociclista morre ap\u00f3s acidente em Rio Azul"},"content":{"rendered":"\n<figure class=\"wp-block-image size-full\"><img loading=\"lazy\" decoding=\"async\" width=\"731\" height=\"204\" src=\"https:\/\/radiostudiow.com.br\/site\/wp-content\/uploads\/2025\/10\/ZAIONS.png\" alt=\"\" class=\"wp-image-44147\" srcset=\"https:\/\/radiostudiow.com.br\/site\/wp-content\/uploads\/2025\/10\/ZAIONS.png 731w, https:\/\/radiostudiow.com.br\/site\/wp-content\/uploads\/2025\/10\/ZAIONS-300x84.png 300w\" sizes=\"auto, (max-width: 731px) 100vw, 731px\" \/><\/figure>\n\n\n\n<p>A equipe da Pol\u00edcia Militar estava em patrulhamento pela \u00e1rea central, quando percebeu um barulho similar \u00e0 colis\u00e3o entre ve\u00edculos nas imedia\u00e7\u00f5es e visualizou em um cruzamento uma motocicleta e um autom\u00f3vel tombados.<\/p>\n\n\n\n<p>Ato cont\u00ednuo, a equipe foi at\u00e9 o local para prestar atendimento ao acidente que ocorreu  por volta das 19h50min dessa quinta-feira (25).<\/p>\n\n\n\n<p>No local foi poss\u00edvel visualizar um homem ferido o qual foi identificado como condutor do ve\u00edculo FIAT\/UNO. Logo ao lado foi visualizado um outro homem ca\u00eddo o qual conduzia a motocicleta HONDA\/CB1000R identificado como Luciano Domingues, conhecido como \u201cTico\u201d, de 49 anos.<\/p>\n\n\n\n<figure class=\"wp-block-image size-full\"><img loading=\"lazy\" decoding=\"async\" width=\"897\" height=\"204\" src=\"https:\/\/radiostudiow.com.br\/site\/wp-content\/uploads\/2025\/05\/NUTRI-MALLET.png\" alt=\"\" class=\"wp-image-37813\" srcset=\"https:\/\/radiostudiow.com.br\/site\/wp-content\/uploads\/2025\/05\/NUTRI-MALLET.png 897w, https:\/\/radiostudiow.com.br\/site\/wp-content\/uploads\/2025\/05\/NUTRI-MALLET-300x68.png 300w, https:\/\/radiostudiow.com.br\/site\/wp-content\/uploads\/2025\/05\/NUTRI-MALLET-768x175.png 768w\" sizes=\"auto, (max-width: 897px) 100vw, 897px\" \/><\/figure>\n\n\n\n<p>Prontamente, o SAMU foi acionado, fazendo-se presentes os quais prestaram o atendimento de primeiros socorros e encaminharam ambas as v\u00edtimas ao hospital para atendimento m\u00e9dico.<\/p>\n\n\n\n<p>O condutor do UNO relatou no local que estava dirigindo seu ve\u00edculo quando foi surpreendido pela motocicleta transpassando a preferencial, colidindo na lateral direita (abalroamento transversal) do seu ve\u00edculo, o que ocasionou o capotamento do mesmo.<\/p>\n\n\n\n<p>Uma testemunha que trafegava pela via p\u00fablica, relatou que, de fato, a motocicleta cruzou a preferencial e colidiu com a lateral do UNO, causando um capotamento no mesmo e arremessando o motociclista.<\/p>\n\n\n\n<p>Ainda no local do acidente, em consulta aos sistemas, foi constatado que ambos os condutores n\u00e3o possu\u00edam carteira nacional de habilita\u00e7\u00e3o, bem como o ve\u00edculo FIAT\/UNO possu\u00eda d\u00e9bitos pendentes no licenciamento desde o ano de 2018.<\/p>\n\n\n\n<figure class=\"wp-block-image size-full\"><img loading=\"lazy\" decoding=\"async\" width=\"897\" height=\"204\" src=\"https:\/\/radiostudiow.com.br\/site\/wp-content\/uploads\/2025\/03\/image-62.png\" alt=\"\" class=\"wp-image-35859\" srcset=\"https:\/\/radiostudiow.com.br\/site\/wp-content\/uploads\/2025\/03\/image-62.png 897w, https:\/\/radiostudiow.com.br\/site\/wp-content\/uploads\/2025\/03\/image-62-300x68.png 300w, https:\/\/radiostudiow.com.br\/site\/wp-content\/uploads\/2025\/03\/image-62-768x175.png 768w\" sizes=\"auto, (max-width: 897px) 100vw, 897px\" \/><\/figure>\n\n\n\n<p>A motocicleta encontrava-se devidamente regularizada, por\u00e9m, por conta da impossibilidade do propriet\u00e1rio indicar um condutor para libera\u00e7\u00e3o, foi recolhida ao p\u00e1tio do destacamento policial militar juntamente ao FIAT\/UNO.<\/p>\n\n\n\n<p>Lavradas as notifica\u00e7\u00f5es pertinentes e o registro do boletim de acidente de transito.<\/p>\n\n\n\n<p>Posteriormente, a equipe deslocou at\u00e9 o hospital onde as v\u00edtimas do acidente se encontravam, sendo que o condutor da motocicleta, Luciano, veio a entrar em \u00f3bito no hospital.<\/p>\n\n\n\n<p><em>O vel\u00f3rio de Luciano acontece na Funer\u00e1ria Golemba, a partir das 14h, e a cerim\u00f4nia religiosa ser\u00e1 realizada nesta sexta-feira (26), \u00e0s 17h, no mesmo local. O sepultamento ocorrer\u00e1 no Cemit\u00e9rio Municipal de Rio Azul.<\/em><\/p>\n\n\n\n<p><em>Nossos sentimentos aos familiares e amigos.<\/em><\/p>\n\n\n\n<figure class=\"wp-block-gallery has-nested-images columns-default is-cropped wp-block-gallery-1 is-layout-flex wp-block-gallery-is-layout-flex\">\n<figure class=\"wp-block-image size-large\"><img loading=\"lazy\" decoding=\"async\" width=\"509\" height=\"235\" data-id=\"45853\" src=\"https:\/\/radiostudiow.com.br\/site\/wp-content\/uploads\/2025\/12\/WhatsApp-Image-2025-12-26-at-07.23.12-2.jpeg\" alt=\"\" class=\"wp-image-45853\" srcset=\"https:\/\/radiostudiow.com.br\/site\/wp-content\/uploads\/2025\/12\/WhatsApp-Image-2025-12-26-at-07.23.12-2.jpeg 509w, https:\/\/radiostudiow.com.br\/site\/wp-content\/uploads\/2025\/12\/WhatsApp-Image-2025-12-26-at-07.23.12-2-300x139.jpeg 300w\" sizes=\"auto, (max-width: 509px) 100vw, 509px\" \/><\/figure>\n\n\n\n<figure class=\"wp-block-image size-large\"><img loading=\"lazy\" decoding=\"async\" width=\"770\" height=\"1024\" data-id=\"45852\" src=\"https:\/\/radiostudiow.com.br\/site\/wp-content\/uploads\/2025\/12\/WhatsApp-Image-2025-12-26-at-07.23.12-3-770x1024.jpeg\" alt=\"\" class=\"wp-image-45852\" srcset=\"https:\/\/radiostudiow.com.br\/site\/wp-content\/uploads\/2025\/12\/WhatsApp-Image-2025-12-26-at-07.23.12-3-770x1024.jpeg 770w, https:\/\/radiostudiow.com.br\/site\/wp-content\/uploads\/2025\/12\/WhatsApp-Image-2025-12-26-at-07.23.12-3-226x300.jpeg 226w, https:\/\/radiostudiow.com.br\/site\/wp-content\/uploads\/2025\/12\/WhatsApp-Image-2025-12-26-at-07.23.12-3-768x1021.jpeg 768w, https:\/\/radiostudiow.com.br\/site\/wp-content\/uploads\/2025\/12\/WhatsApp-Image-2025-12-26-at-07.23.12-3.jpeg 963w\" sizes=\"auto, (max-width: 770px) 100vw, 770px\" \/><\/figure>\n\n\n\n<figure class=\"wp-block-image size-large\"><img loading=\"lazy\" decoding=\"async\" width=\"425\" height=\"375\" data-id=\"45854\" src=\"https:\/\/radiostudiow.com.br\/site\/wp-content\/uploads\/2025\/12\/WhatsApp-Image-2025-12-26-at-07.23.12.jpeg\" alt=\"\" class=\"wp-image-45854\" srcset=\"https:\/\/radiostudiow.com.br\/site\/wp-content\/uploads\/2025\/12\/WhatsApp-Image-2025-12-26-at-07.23.12.jpeg 425w, https:\/\/radiostudiow.com.br\/site\/wp-content\/uploads\/2025\/12\/WhatsApp-Image-2025-12-26-at-07.23.12-300x265.jpeg 300w\" sizes=\"auto, (max-width: 425px) 100vw, 425px\" \/><\/figure>\n<\/figure>\n","protected":false},"excerpt":{"rendered":"<p>A equipe da Pol\u00edcia Militar estava em patrulhamento pela \u00e1rea central, quando percebeu um barulho similar \u00e0 colis\u00e3o entre ve\u00edculos nas imedia\u00e7\u00f5es e visualizou em um cruzamento uma motocicleta e um autom\u00f3vel tombados. Ato cont\u00ednuo, a equipe foi at\u00e9 o local para prestar atendimento ao acidente que ocorreu por volta das 19h50min dessa quinta-feira (25). [&hellip;]<\/p>\n","protected":false},"author":2,"featured_media":45851,"comment_status":"open","ping_status":"open","sticky":false,"template":"","format":"standard","meta":{"footnotes":""},"categories":[185],"tags":[172],"class_list":["post-45850","post","type-post","status-publish","format-standard","has-post-thumbnail","hentry","category-regional","tag-featured"],"amp_enabled":true,"_links":{"self":[{"href":"https:\/\/radiostudiow.com.br\/site\/wp-json\/wp\/v2\/posts\/45850","targetHints":{"allow":["GET"]}}],"collection":[{"href":"https:\/\/radiostudiow.com.br\/site\/wp-json\/wp\/v2\/posts"}],"about":[{"href":"https:\/\/radiostudiow.com.br\/site\/wp-json\/wp\/v2\/types\/post"}],"author":[{"embeddable":true,"href":"https:\/\/radiostudiow.com.br\/site\/wp-json\/wp\/v2\/users\/2"}],"replies":[{"embeddable":true,"href":"https:\/\/radiostudiow.com.br\/site\/wp-json\/wp\/v2\/comments?post=45850"}],"version-history":[{"count":2,"href":"https:\/\/radiostudiow.com.br\/site\/wp-json\/wp\/v2\/posts\/45850\/revisions"}],"predecessor-version":[{"id":45858,"href":"https:\/\/radiostudiow.com.br\/site\/wp-json\/wp\/v2\/posts\/45850\/revisions\/45858"}],"wp:featuredmedia":[{"embeddable":true,"href":"https:\/\/radiostudiow.com.br\/site\/wp-json\/wp\/v2\/media\/45851"}],"wp:attachment":[{"href":"https:\/\/radiostudiow.com.br\/site\/wp-json\/wp\/v2\/media?parent=45850"}],"wp:term":[{"taxonomy":"category","embeddable":true,"href":"https:\/\/radiostudiow.com.br\/site\/wp-json\/wp\/v2\/categories?post=45850"},{"taxonomy":"post_tag","embeddable":true,"href":"https:\/\/radiostudiow.com.br\/site\/wp-json\/wp\/v2\/tags?post=45850"}],"curies":[{"name":"wp","href":"https:\/\/api.w.org\/{rel}","templated":true}]}}