{"id":45864,"date":"2025-12-26T11:03:34","date_gmt":"2025-12-26T14:03:34","guid":{"rendered":"https:\/\/radiostudiow.com.br\/site\/?p=45864"},"modified":"2025-12-26T11:03:35","modified_gmt":"2025-12-26T14:03:35","slug":"homem-fica-ferido-apos-agressao-com-facao-em-rio-azul","status":"publish","type":"post","link":"https:\/\/radiostudiow.com.br\/site\/2025\/12\/26\/homem-fica-ferido-apos-agressao-com-facao-em-rio-azul\/","title":{"rendered":"Homem fica ferido ap\u00f3s agress\u00e3o com fac\u00e3o em Rio Azul"},"content":{"rendered":"\n<figure class=\"wp-block-image size-full\"><img loading=\"lazy\" decoding=\"async\" width=\"598\" height=\"204\" src=\"https:\/\/radiostudiow.com.br\/site\/wp-content\/uploads\/2025\/04\/BOROX.png\" alt=\"\" class=\"wp-image-37229\" srcset=\"https:\/\/radiostudiow.com.br\/site\/wp-content\/uploads\/2025\/04\/BOROX.png 598w, https:\/\/radiostudiow.com.br\/site\/wp-content\/uploads\/2025\/04\/BOROX-300x102.png 300w\" sizes=\"auto, (max-width: 598px) 100vw, 598px\" \/><\/figure>\n\n\n\n<p><br>A equipe da Pol\u00edcia Militar de Rio Azul se deslocou at\u00e9 o centro onde ocorria uma briga generalizada, em patrulhamento populares indicaram os envolvidos. A situa\u00e7\u00e3o ocorreu por volta de 22 horas dessa quinta-feira (25).<\/p>\n\n\n\n<p>No local foram abordados 3 homens, em busca pessoal nada encontrado. Em entrevista com um dos envolvidos este relatou que estava na pra\u00e7a quando se aproximaram dele os outros dois abordados, quando ent\u00e3o iniciou-se uma briga.<\/p>\n\n\n\n<figure class=\"wp-block-gallery has-nested-images columns-default is-cropped wp-block-gallery-1 is-layout-flex wp-block-gallery-is-layout-flex\">\n<figure class=\"wp-block-image size-large\"><img loading=\"lazy\" decoding=\"async\" width=\"300\" height=\"180\" data-id=\"37219\" src=\"https:\/\/radiostudiow.com.br\/site\/wp-content\/uploads\/2025\/04\/AGRODU.png\" alt=\"\" class=\"wp-image-37219\"\/><\/figure>\n\n\n\n<figure class=\"wp-block-image size-large\"><img loading=\"lazy\" decoding=\"async\" width=\"300\" height=\"180\" data-id=\"39582\" src=\"https:\/\/radiostudiow.com.br\/site\/wp-content\/uploads\/2025\/06\/PLAY-HALL.png\" alt=\"\" class=\"wp-image-39582\"\/><\/figure>\n<\/figure>\n\n\n\n<p>O homem relatou que ficou com les\u00f5es na face ocasionados por um soco, ecorte superficial no dedo m\u00e9dio e polegar segundo o mesmo quando foi se defender de um golpe de fac\u00e3o. A v\u00edtima n\u00e3o soube dizer quem desferiu o golpe de fac\u00e3o nem t\u00e3o pouco o soco.<\/p>\n\n\n\n<p>Durante a abordagem foi localizado um fac\u00e3o sem marca aparente o qual foi apreendido, sendo assim todos os envolvidos juntamente com o fac\u00e3o foram levados a Delegacia de Pol\u00edcia Civil de Irati para providencias da autoridade policial.<\/p>\n","protected":false},"excerpt":{"rendered":"<p>A equipe da Pol\u00edcia Militar de Rio Azul se deslocou at\u00e9 o centro onde ocorria uma briga generalizada, em patrulhamento populares indicaram os envolvidos. A situa\u00e7\u00e3o ocorreu por volta de 22 horas dessa quinta-feira (25). No local foram abordados 3 homens, em busca pessoal nada encontrado. Em entrevista com um dos envolvidos este relatou que [&hellip;]<\/p>\n","protected":false},"author":2,"featured_media":45866,"comment_status":"open","ping_status":"open","sticky":false,"template":"","format":"standard","meta":{"footnotes":""},"categories":[2],"tags":[172],"class_list":["post-45864","post","type-post","status-publish","format-standard","has-post-thumbnail","hentry","category-policial","tag-featured"],"amp_enabled":true,"_links":{"self":[{"href":"https:\/\/radiostudiow.com.br\/site\/wp-json\/wp\/v2\/posts\/45864","targetHints":{"allow":["GET"]}}],"collection":[{"href":"https:\/\/radiostudiow.com.br\/site\/wp-json\/wp\/v2\/posts"}],"about":[{"href":"https:\/\/radiostudiow.com.br\/site\/wp-json\/wp\/v2\/types\/post"}],"author":[{"embeddable":true,"href":"https:\/\/radiostudiow.com.br\/site\/wp-json\/wp\/v2\/users\/2"}],"replies":[{"embeddable":true,"href":"https:\/\/radiostudiow.com.br\/site\/wp-json\/wp\/v2\/comments?post=45864"}],"version-history":[{"count":1,"href":"https:\/\/radiostudiow.com.br\/site\/wp-json\/wp\/v2\/posts\/45864\/revisions"}],"predecessor-version":[{"id":45867,"href":"https:\/\/radiostudiow.com.br\/site\/wp-json\/wp\/v2\/posts\/45864\/revisions\/45867"}],"wp:featuredmedia":[{"embeddable":true,"href":"https:\/\/radiostudiow.com.br\/site\/wp-json\/wp\/v2\/media\/45866"}],"wp:attachment":[{"href":"https:\/\/radiostudiow.com.br\/site\/wp-json\/wp\/v2\/media?parent=45864"}],"wp:term":[{"taxonomy":"category","embeddable":true,"href":"https:\/\/radiostudiow.com.br\/site\/wp-json\/wp\/v2\/categories?post=45864"},{"taxonomy":"post_tag","embeddable":true,"href":"https:\/\/radiostudiow.com.br\/site\/wp-json\/wp\/v2\/tags?post=45864"}],"curies":[{"name":"wp","href":"https:\/\/api.w.org\/{rel}","templated":true}]}}