{"id":45871,"date":"2025-12-26T11:16:41","date_gmt":"2025-12-26T14:16:41","guid":{"rendered":"https:\/\/radiostudiow.com.br\/site\/?p=45871"},"modified":"2025-12-26T11:16:41","modified_gmt":"2025-12-26T14:16:41","slug":"policia-de-rio-azul-cumpre-mandado-de-prisao-por-estupro-de-vulneravel-e-ameaca","status":"publish","type":"post","link":"https:\/\/radiostudiow.com.br\/site\/2025\/12\/26\/policia-de-rio-azul-cumpre-mandado-de-prisao-por-estupro-de-vulneravel-e-ameaca\/","title":{"rendered":"Pol\u00edcia de Rio Azul cumpre mandado de pris\u00e3o por Estupro de Vulner\u00e1vel e amea\u00e7a"},"content":{"rendered":"\n<figure class=\"wp-block-image size-full\"><img loading=\"lazy\" decoding=\"async\" width=\"897\" height=\"204\" src=\"https:\/\/radiostudiow.com.br\/site\/wp-content\/uploads\/2025\/03\/BARAO-NOVO-NOTICIAS-1.jpg\" alt=\"\" class=\"wp-image-35084\" srcset=\"https:\/\/radiostudiow.com.br\/site\/wp-content\/uploads\/2025\/03\/BARAO-NOVO-NOTICIAS-1.jpg 897w, https:\/\/radiostudiow.com.br\/site\/wp-content\/uploads\/2025\/03\/BARAO-NOVO-NOTICIAS-1-300x68.jpg 300w, https:\/\/radiostudiow.com.br\/site\/wp-content\/uploads\/2025\/03\/BARAO-NOVO-NOTICIAS-1-768x175.jpg 768w\" sizes=\"auto, (max-width: 897px) 100vw, 897px\" \/><\/figure>\n\n\n\n<p>A equipe da Pol\u00edcia Militar de Rio Azul se deslocou at\u00e9 ao bairro centro por volta das 10h30 dessa quarta-feira, 24 de dezembro, onde realizou abordagem a um homem.<\/p>\n\n\n\n<p>O qual em consulta ao Banco Nacional de monitoramento de pris\u00f5es foi constatado em seu desfavor mandado de pris\u00e3o pelo Art. 217 A do c\u00f3digo penal estupro de vulner\u00e1vel e Art.147 do c\u00f3digo penal amea\u00e7a.<\/p>\n\n\n\n<p>Ap\u00f3s a realiza\u00e7\u00e3o do laudo de les\u00f5es corporais o mesmo foi encaminhado ao DEPEN de<br>Irati.<\/p>\n\n\n\n<figure class=\"wp-block-image size-full\"><img decoding=\"async\" src=\"https:\/\/radiostudiow.com.br\/site\/wp-content\/uploads\/2025\/10\/SUPREMA-BARBA.png\" alt=\"\" class=\"wp-image-44123\"\/><\/figure>\n","protected":false},"excerpt":{"rendered":"<p>A equipe da Pol\u00edcia Militar de Rio Azul se deslocou at\u00e9 ao bairro centro por volta das 10h30 dessa quarta-feira, 24 de dezembro, onde realizou abordagem a um homem. O qual em consulta ao Banco Nacional de monitoramento de pris\u00f5es foi constatado em seu desfavor mandado de pris\u00e3o pelo Art. 217 A do c\u00f3digo penal [&hellip;]<\/p>\n","protected":false},"author":2,"featured_media":45872,"comment_status":"open","ping_status":"open","sticky":false,"template":"","format":"standard","meta":{"footnotes":""},"categories":[2],"tags":[172],"class_list":["post-45871","post","type-post","status-publish","format-standard","has-post-thumbnail","hentry","category-policial","tag-featured"],"amp_enabled":true,"_links":{"self":[{"href":"https:\/\/radiostudiow.com.br\/site\/wp-json\/wp\/v2\/posts\/45871","targetHints":{"allow":["GET"]}}],"collection":[{"href":"https:\/\/radiostudiow.com.br\/site\/wp-json\/wp\/v2\/posts"}],"about":[{"href":"https:\/\/radiostudiow.com.br\/site\/wp-json\/wp\/v2\/types\/post"}],"author":[{"embeddable":true,"href":"https:\/\/radiostudiow.com.br\/site\/wp-json\/wp\/v2\/users\/2"}],"replies":[{"embeddable":true,"href":"https:\/\/radiostudiow.com.br\/site\/wp-json\/wp\/v2\/comments?post=45871"}],"version-history":[{"count":1,"href":"https:\/\/radiostudiow.com.br\/site\/wp-json\/wp\/v2\/posts\/45871\/revisions"}],"predecessor-version":[{"id":45873,"href":"https:\/\/radiostudiow.com.br\/site\/wp-json\/wp\/v2\/posts\/45871\/revisions\/45873"}],"wp:featuredmedia":[{"embeddable":true,"href":"https:\/\/radiostudiow.com.br\/site\/wp-json\/wp\/v2\/media\/45872"}],"wp:attachment":[{"href":"https:\/\/radiostudiow.com.br\/site\/wp-json\/wp\/v2\/media?parent=45871"}],"wp:term":[{"taxonomy":"category","embeddable":true,"href":"https:\/\/radiostudiow.com.br\/site\/wp-json\/wp\/v2\/categories?post=45871"},{"taxonomy":"post_tag","embeddable":true,"href":"https:\/\/radiostudiow.com.br\/site\/wp-json\/wp\/v2\/tags?post=45871"}],"curies":[{"name":"wp","href":"https:\/\/api.w.org\/{rel}","templated":true}]}}