{"id":45877,"date":"2025-12-26T12:02:16","date_gmt":"2025-12-26T15:02:16","guid":{"rendered":"https:\/\/radiostudiow.com.br\/site\/?p=45877"},"modified":"2025-12-26T12:02:16","modified_gmt":"2025-12-26T15:02:16","slug":"homem-e-preso-com-mais-de-1kg-de-maconha-em-uniao-da-vitoria","status":"publish","type":"post","link":"https:\/\/radiostudiow.com.br\/site\/2025\/12\/26\/homem-e-preso-com-mais-de-1kg-de-maconha-em-uniao-da-vitoria\/","title":{"rendered":"Homem \u00e9 preso com mais de 1kg de maconha em Uni\u00e3o da Vit\u00f3ria"},"content":{"rendered":"\n<figure class=\"wp-block-image size-full\"><img loading=\"lazy\" decoding=\"async\" width=\"598\" height=\"204\" src=\"https:\/\/radiostudiow.com.br\/site\/wp-content\/uploads\/2024\/01\/SITE-MEDIO.png\" alt=\"\" class=\"wp-image-18916\" srcset=\"https:\/\/radiostudiow.com.br\/site\/wp-content\/uploads\/2024\/01\/SITE-MEDIO.png 598w, https:\/\/radiostudiow.com.br\/site\/wp-content\/uploads\/2024\/01\/SITE-MEDIO-300x102.png 300w\" sizes=\"auto, (max-width: 598px) 100vw, 598px\" \/><\/figure>\n\n\n\n<p>A\u00e7\u00e3o da equipe de Rondas Ostensivas T\u00e1tico M\u00f3vel (ROTAM) resultou na pris\u00e3o de um homem por tr\u00e1fico de drogas no bairro S\u00e3o Bernardo, em Uni\u00e3o da Vit\u00f3ria na tarde desta ter\u00e7a-feira (23).<\/p>\n\n\n\n<p>A ocorr\u00eancia, registrada por volta das 16h10min, culminou na apreens\u00e3o de mais de um quilo de entorpecentes.<\/p>\n\n\n\n<h3 class=\"wp-block-heading\">A Abordagem<\/h3>\n\n\n\n<p>Durante patrulhamento de rotina pela regi\u00e3o, os policiais militares avistaram um indiv\u00edduo conduzindo uma motocicleta em atitude suspeita. Ao realizarem a abordagem, a equipe localizou um inv\u00f3lucro contendo maconha escondido na altura da cintura do condutor.<\/p>\n\n\n\n<figure class=\"wp-block-image size-full\"><img loading=\"lazy\" decoding=\"async\" width=\"598\" height=\"204\" src=\"https:\/\/radiostudiow.com.br\/site\/wp-content\/uploads\/2025\/05\/POLAK.png\" alt=\"\" class=\"wp-image-37847\" srcset=\"https:\/\/radiostudiow.com.br\/site\/wp-content\/uploads\/2025\/05\/POLAK.png 598w, https:\/\/radiostudiow.com.br\/site\/wp-content\/uploads\/2025\/05\/POLAK-300x102.png 300w\" sizes=\"auto, (max-width: 598px) 100vw, 598px\" \/><\/figure>\n\n\n\n<h3 class=\"wp-block-heading\">Apreens\u00e3o na Resid\u00eancia<\/h3>\n\n\n\n<p>Ao ser questionado, o suspeito admitiu possuir mais drogas em sua resid\u00eancia. Com o consentimento do abordado, os militares deslocaram-se at\u00e9 o im\u00f3vel indicado, onde encontraram uma quantidade expressiva de material il\u00edcito.<\/p>\n\n\n\n<h2 class=\"wp-block-heading\">No local, foram apreendidos:<\/h2>\n\n\n\n<ul class=\"wp-block-list\">\n<li><strong>Mais de 1 kg de maconha<\/strong>\u00a0(divididos entre variedades prensada e \u201cflor\u201d);<\/li>\n\n\n\n<li><strong>Embalagens com etiquetas postais<\/strong>, indicando poss\u00edvel comercializa\u00e7\u00e3o por envio;<\/li>\n\n\n\n<li><strong>Aparelhos celulares<\/strong>;<\/li>\n\n\n\n<li><strong>Dinheiro em esp\u00e9cie<\/strong>.<\/li>\n<\/ul>\n","protected":false},"excerpt":{"rendered":"<p>A\u00e7\u00e3o da equipe de Rondas Ostensivas T\u00e1tico M\u00f3vel (ROTAM) resultou na pris\u00e3o de um homem por tr\u00e1fico de drogas no bairro S\u00e3o Bernardo, em Uni\u00e3o da Vit\u00f3ria na tarde desta ter\u00e7a-feira (23). A ocorr\u00eancia, registrada por volta das 16h10min, culminou na apreens\u00e3o de mais de um quilo de entorpecentes. A Abordagem Durante patrulhamento de rotina [&hellip;]<\/p>\n","protected":false},"author":2,"featured_media":45878,"comment_status":"open","ping_status":"open","sticky":false,"template":"","format":"standard","meta":{"footnotes":""},"categories":[2],"tags":[172],"class_list":["post-45877","post","type-post","status-publish","format-standard","has-post-thumbnail","hentry","category-policial","tag-featured"],"amp_enabled":true,"_links":{"self":[{"href":"https:\/\/radiostudiow.com.br\/site\/wp-json\/wp\/v2\/posts\/45877","targetHints":{"allow":["GET"]}}],"collection":[{"href":"https:\/\/radiostudiow.com.br\/site\/wp-json\/wp\/v2\/posts"}],"about":[{"href":"https:\/\/radiostudiow.com.br\/site\/wp-json\/wp\/v2\/types\/post"}],"author":[{"embeddable":true,"href":"https:\/\/radiostudiow.com.br\/site\/wp-json\/wp\/v2\/users\/2"}],"replies":[{"embeddable":true,"href":"https:\/\/radiostudiow.com.br\/site\/wp-json\/wp\/v2\/comments?post=45877"}],"version-history":[{"count":1,"href":"https:\/\/radiostudiow.com.br\/site\/wp-json\/wp\/v2\/posts\/45877\/revisions"}],"predecessor-version":[{"id":45879,"href":"https:\/\/radiostudiow.com.br\/site\/wp-json\/wp\/v2\/posts\/45877\/revisions\/45879"}],"wp:featuredmedia":[{"embeddable":true,"href":"https:\/\/radiostudiow.com.br\/site\/wp-json\/wp\/v2\/media\/45878"}],"wp:attachment":[{"href":"https:\/\/radiostudiow.com.br\/site\/wp-json\/wp\/v2\/media?parent=45877"}],"wp:term":[{"taxonomy":"category","embeddable":true,"href":"https:\/\/radiostudiow.com.br\/site\/wp-json\/wp\/v2\/categories?post=45877"},{"taxonomy":"post_tag","embeddable":true,"href":"https:\/\/radiostudiow.com.br\/site\/wp-json\/wp\/v2\/tags?post=45877"}],"curies":[{"name":"wp","href":"https:\/\/api.w.org\/{rel}","templated":true}]}}