{"id":45880,"date":"2025-12-26T12:06:54","date_gmt":"2025-12-26T15:06:54","guid":{"rendered":"https:\/\/radiostudiow.com.br\/site\/?p=45880"},"modified":"2025-12-26T12:07:08","modified_gmt":"2025-12-26T15:07:08","slug":"ataque-de-pitbull-mata-cao-da-familia-e-deixa-idoso-ferido-durante-almoco-de-natal","status":"publish","type":"post","link":"https:\/\/radiostudiow.com.br\/site\/2025\/12\/26\/ataque-de-pitbull-mata-cao-da-familia-e-deixa-idoso-ferido-durante-almoco-de-natal\/","title":{"rendered":"Ataque de pitbull mata c\u00e3o da fam\u00edlia e deixa idoso ferido durante almo\u00e7o de Natal em Uni\u00e3o da Vit\u00f3ria"},"content":{"rendered":"\n<figure class=\"wp-block-image size-large\"><img loading=\"lazy\" decoding=\"async\" width=\"1024\" height=\"335\" src=\"https:\/\/radiostudiow.com.br\/site\/wp-content\/uploads\/2025\/12\/novo-Rodape-1024x335.png\" alt=\"\" class=\"wp-image-45379\" srcset=\"https:\/\/radiostudiow.com.br\/site\/wp-content\/uploads\/2025\/12\/novo-Rodape-1024x335.png 1024w, https:\/\/radiostudiow.com.br\/site\/wp-content\/uploads\/2025\/12\/novo-Rodape-300x98.png 300w, https:\/\/radiostudiow.com.br\/site\/wp-content\/uploads\/2025\/12\/novo-Rodape-768x251.png 768w, https:\/\/radiostudiow.com.br\/site\/wp-content\/uploads\/2025\/12\/novo-Rodape-1536x503.png 1536w, https:\/\/radiostudiow.com.br\/site\/wp-content\/uploads\/2025\/12\/novo-Rodape-2048x670.png 2048w\" sizes=\"auto, (max-width: 1024px) 100vw, 1024px\" \/><\/figure>\n\n\n\n<p>Um ataque violento envolvendo um c\u00e3o da ra\u00e7a pitbull resultou na morte de um c\u00e3ozinho da ra\u00e7a shih-tzu e deixou um idoso ferido durante o almo\u00e7o de Natal. O caso que ocorreu no bairro S\u00e3o Braz, Distrito de S\u00e3o Crist\u00f3v\u00e3o, em Uni\u00e3o da Vit\u00f3ria gerou revolta e como\u00e7\u00e3o entre familiares e moradores da regi\u00e3o.<\/p>\n\n\n\n<div class=\"wp-block-media-text is-stacked-on-mobile\"><figure class=\"wp-block-media-text__media\"><img loading=\"lazy\" decoding=\"async\" width=\"500\" height=\"273\" src=\"https:\/\/radiostudiow.com.br\/site\/wp-content\/uploads\/2025\/12\/image-74.png\" alt=\"\" class=\"wp-image-45882 size-full\" srcset=\"https:\/\/radiostudiow.com.br\/site\/wp-content\/uploads\/2025\/12\/image-74.png 500w, https:\/\/radiostudiow.com.br\/site\/wp-content\/uploads\/2025\/12\/image-74-300x164.png 300w\" sizes=\"auto, (max-width: 500px) 100vw, 500px\" \/><\/figure><div class=\"wp-block-media-text__content\">\n<p>De acordo com a fam\u00edlia, o pitbull pulou o muro de uma resid\u00eancia vizinha no momento do almo\u00e7o natalino e atacou o animal de estima\u00e7\u00e3o da casa. O shih-tzu, chamado Spok, vivia h\u00e1 mais de nove anos com a fam\u00edlia e morreu no local devido \u00e0 gravidade dos ferimentos.<\/p>\n<\/div><\/div>\n\n\n\n<p>Ao tentar salvar o c\u00e3ozinho, o senhor&nbsp;Vitul Polanski, de&nbsp;81 anos, acabou sendo atacado e sofreu diversos ferimentos. O ataque s\u00f3 cessou ap\u00f3s a interven\u00e7\u00e3o de vizinhos, que correram para socorrer as v\u00edtimas.<\/p>\n\n\n\n<p>A fam\u00edlia relata indigna\u00e7\u00e3o com a postura do dono do pitbull. Segundo eles, o tutor do animal agressor n\u00e3o tomou nenhuma medida para impedir o ataque e, al\u00e9m disso, teria amea\u00e7ado processar as v\u00edtimas, alegando que o pitbull teria sido maltratado no momento em que tentavam soltar o shih-tzu.<\/p>\n\n\n\n<p>Ainda conforme o relato, foram feitas tentativas de contato com a pol\u00edcia, mas n\u00e3o houve retorno imediato e nenhuma ocorr\u00eancia foi registrada at\u00e9 o momento.<\/p>\n\n\n\n<figure class=\"wp-block-image size-full\"><img loading=\"lazy\" decoding=\"async\" width=\"598\" height=\"204\" src=\"https:\/\/radiostudiow.com.br\/site\/wp-content\/uploads\/2024\/01\/SITE-MEDIO.png\" alt=\"\" class=\"wp-image-18916\" srcset=\"https:\/\/radiostudiow.com.br\/site\/wp-content\/uploads\/2024\/01\/SITE-MEDIO.png 598w, https:\/\/radiostudiow.com.br\/site\/wp-content\/uploads\/2024\/01\/SITE-MEDIO-300x102.png 300w\" sizes=\"auto, (max-width: 598px) 100vw, 598px\" \/><\/figure>\n\n\n\n<div class=\"wp-block-media-text is-stacked-on-mobile\"><figure class=\"wp-block-media-text__media\"><img loading=\"lazy\" decoding=\"async\" width=\"500\" height=\"533\" src=\"https:\/\/radiostudiow.com.br\/site\/wp-content\/uploads\/2025\/12\/image-73.png\" alt=\"\" class=\"wp-image-45881 size-full\" srcset=\"https:\/\/radiostudiow.com.br\/site\/wp-content\/uploads\/2025\/12\/image-73.png 500w, https:\/\/radiostudiow.com.br\/site\/wp-content\/uploads\/2025\/12\/image-73-281x300.png 281w\" sizes=\"auto, (max-width: 500px) 100vw, 500px\" \/><\/figure><div class=\"wp-block-media-text__content\">\n<p>A filha do casal,\u00a0Hilda Polanski, lamentou profundamente a trag\u00e9dia e a viol\u00eancia do ataque. Emocionada, ela destacou que Spok vivia com um casal de idosos e era tratado com muito amor. \u201c<em><strong>Foi uma perda muito dolorosa. Al\u00e9m da morte do nosso animalzinho, meu pai ficou ferido e o dono do pitbull sequer perguntou se ele estava bem\u201d,<\/strong><\/em>\u00a0afirmou, expressando revolta com a situa\u00e7\u00e3o.<\/p>\n<\/div><\/div>\n\n\n\n<h2 class=\"wp-block-heading has-text-align-center\">O caso reacende o debate sobre a responsabilidade dos tutores de c\u00e3es de grande porte e a necessidade de cuidados e medidas de seguran\u00e7a para evitar ataques, especialmente em \u00e1reas residenciais.<\/h2>\n\n\n\n<p><\/p>\n","protected":false},"excerpt":{"rendered":"<p>Um ataque violento envolvendo um c\u00e3o da ra\u00e7a pitbull resultou na morte de um c\u00e3ozinho da ra\u00e7a shih-tzu e deixou um idoso ferido durante o almo\u00e7o de Natal. O caso que ocorreu no bairro S\u00e3o Braz, Distrito de S\u00e3o Crist\u00f3v\u00e3o, em Uni\u00e3o da Vit\u00f3ria gerou revolta e como\u00e7\u00e3o entre familiares e moradores da regi\u00e3o. De [&hellip;]<\/p>\n","protected":false},"author":2,"featured_media":45883,"comment_status":"open","ping_status":"open","sticky":false,"template":"","format":"standard","meta":{"footnotes":""},"categories":[2],"tags":[172],"class_list":["post-45880","post","type-post","status-publish","format-standard","has-post-thumbnail","hentry","category-policial","tag-featured"],"amp_enabled":true,"_links":{"self":[{"href":"https:\/\/radiostudiow.com.br\/site\/wp-json\/wp\/v2\/posts\/45880","targetHints":{"allow":["GET"]}}],"collection":[{"href":"https:\/\/radiostudiow.com.br\/site\/wp-json\/wp\/v2\/posts"}],"about":[{"href":"https:\/\/radiostudiow.com.br\/site\/wp-json\/wp\/v2\/types\/post"}],"author":[{"embeddable":true,"href":"https:\/\/radiostudiow.com.br\/site\/wp-json\/wp\/v2\/users\/2"}],"replies":[{"embeddable":true,"href":"https:\/\/radiostudiow.com.br\/site\/wp-json\/wp\/v2\/comments?post=45880"}],"version-history":[{"count":2,"href":"https:\/\/radiostudiow.com.br\/site\/wp-json\/wp\/v2\/posts\/45880\/revisions"}],"predecessor-version":[{"id":45885,"href":"https:\/\/radiostudiow.com.br\/site\/wp-json\/wp\/v2\/posts\/45880\/revisions\/45885"}],"wp:featuredmedia":[{"embeddable":true,"href":"https:\/\/radiostudiow.com.br\/site\/wp-json\/wp\/v2\/media\/45883"}],"wp:attachment":[{"href":"https:\/\/radiostudiow.com.br\/site\/wp-json\/wp\/v2\/media?parent=45880"}],"wp:term":[{"taxonomy":"category","embeddable":true,"href":"https:\/\/radiostudiow.com.br\/site\/wp-json\/wp\/v2\/categories?post=45880"},{"taxonomy":"post_tag","embeddable":true,"href":"https:\/\/radiostudiow.com.br\/site\/wp-json\/wp\/v2\/tags?post=45880"}],"curies":[{"name":"wp","href":"https:\/\/api.w.org\/{rel}","templated":true}]}}