{"id":45894,"date":"2025-12-26T18:48:39","date_gmt":"2025-12-26T21:48:39","guid":{"rendered":"https:\/\/radiostudiow.com.br\/site\/?p=45894"},"modified":"2025-12-26T18:48:39","modified_gmt":"2025-12-26T21:48:39","slug":"colisao-seguida-de-capotamento-e-registrada-na-br-476-em-sao-mateus-do-sul","status":"publish","type":"post","link":"https:\/\/radiostudiow.com.br\/site\/2025\/12\/26\/colisao-seguida-de-capotamento-e-registrada-na-br-476-em-sao-mateus-do-sul\/","title":{"rendered":"Colis\u00e3o seguida de capotamento \u00e9 registrada na BR-476 em S\u00e3o Mateus do Sul"},"content":{"rendered":"\n<figure class=\"wp-block-image size-full\"><img loading=\"lazy\" decoding=\"async\" width=\"897\" height=\"204\" src=\"https:\/\/radiostudiow.com.br\/site\/wp-content\/uploads\/2025\/03\/image-62.png\" alt=\"\" class=\"wp-image-35859\" srcset=\"https:\/\/radiostudiow.com.br\/site\/wp-content\/uploads\/2025\/03\/image-62.png 897w, https:\/\/radiostudiow.com.br\/site\/wp-content\/uploads\/2025\/03\/image-62-300x68.png 300w, https:\/\/radiostudiow.com.br\/site\/wp-content\/uploads\/2025\/03\/image-62-768x175.png 768w\" sizes=\"auto, (max-width: 897px) 100vw, 897px\" \/><\/figure>\n\n\n\n<p>Um acidente de tr\u00e2nsito foi registrado na rodovia BR-476, km 279, no munic\u00edpio de S\u00e3o Mateus do Sul por volta das 10h40min desta sexta-feira (26).<\/p>\n\n\n\n<p>De acordo com as primeiras informa\u00e7\u00f5es, a ocorr\u00eancia envolveu uma colis\u00e3o entre ve\u00edculos, seguida de capotamento.\u00a0At\u00e9 o momento, n\u00e3o h\u00e1 confirma\u00e7\u00e3o oficial sobre o n\u00famero de feridos nem o estado de sa\u00fade das v\u00edtimas.<\/p>\n\n\n\n<p>Equipes de socorro foram acionadas para o atendimento da ocorr\u00eancia, entre elas o Servi\u00e7o de Atendimento M\u00f3vel de Urg\u00eancia (Samu), que prestou os primeiros atendimentos no local.<\/p>\n\n\n\n<p>As causas do acidente ainda ser\u00e3o apuradas, e novas informa\u00e7\u00f5es devem ser divulgadas ap\u00f3s a conclus\u00e3o do atendimento e levantamento da ocorr\u00eancia pelas autoridades competentes.<\/p>\n\n\n\n<figure class=\"wp-block-image size-full\"><img loading=\"lazy\" decoding=\"async\" width=\"598\" height=\"204\" src=\"https:\/\/radiostudiow.com.br\/site\/wp-content\/uploads\/2024\/10\/labirati.png\" alt=\"\" class=\"wp-image-28854\" srcset=\"https:\/\/radiostudiow.com.br\/site\/wp-content\/uploads\/2024\/10\/labirati.png 598w, https:\/\/radiostudiow.com.br\/site\/wp-content\/uploads\/2024\/10\/labirati-300x102.png 300w\" sizes=\"auto, (max-width: 598px) 100vw, 598px\" \/><\/figure>\n\n\n\n<figure class=\"wp-block-video\"><video height=\"642\" style=\"aspect-ratio: 360 \/ 642;\" width=\"360\" controls src=\"https:\/\/radiostudiow.com.br\/site\/wp-content\/uploads\/2025\/12\/WhatsApp-Video-2025-12-26-at-10.59.04.mp4\"><\/video><\/figure>\n\n\n\n<p><\/p>\n","protected":false},"excerpt":{"rendered":"<p>Um acidente de tr\u00e2nsito foi registrado na rodovia BR-476, km 279, no munic\u00edpio de S\u00e3o Mateus do Sul por volta das 10h40min desta sexta-feira (26). De acordo com as primeiras informa\u00e7\u00f5es, a ocorr\u00eancia envolveu uma colis\u00e3o entre ve\u00edculos, seguida de capotamento.\u00a0At\u00e9 o momento, n\u00e3o h\u00e1 confirma\u00e7\u00e3o oficial sobre o n\u00famero de feridos nem o estado [&hellip;]<\/p>\n","protected":false},"author":2,"featured_media":45895,"comment_status":"open","ping_status":"open","sticky":false,"template":"","format":"standard","meta":{"footnotes":""},"categories":[185],"tags":[172],"class_list":["post-45894","post","type-post","status-publish","format-standard","has-post-thumbnail","hentry","category-regional","tag-featured"],"amp_enabled":true,"_links":{"self":[{"href":"https:\/\/radiostudiow.com.br\/site\/wp-json\/wp\/v2\/posts\/45894","targetHints":{"allow":["GET"]}}],"collection":[{"href":"https:\/\/radiostudiow.com.br\/site\/wp-json\/wp\/v2\/posts"}],"about":[{"href":"https:\/\/radiostudiow.com.br\/site\/wp-json\/wp\/v2\/types\/post"}],"author":[{"embeddable":true,"href":"https:\/\/radiostudiow.com.br\/site\/wp-json\/wp\/v2\/users\/2"}],"replies":[{"embeddable":true,"href":"https:\/\/radiostudiow.com.br\/site\/wp-json\/wp\/v2\/comments?post=45894"}],"version-history":[{"count":1,"href":"https:\/\/radiostudiow.com.br\/site\/wp-json\/wp\/v2\/posts\/45894\/revisions"}],"predecessor-version":[{"id":45897,"href":"https:\/\/radiostudiow.com.br\/site\/wp-json\/wp\/v2\/posts\/45894\/revisions\/45897"}],"wp:featuredmedia":[{"embeddable":true,"href":"https:\/\/radiostudiow.com.br\/site\/wp-json\/wp\/v2\/media\/45895"}],"wp:attachment":[{"href":"https:\/\/radiostudiow.com.br\/site\/wp-json\/wp\/v2\/media?parent=45894"}],"wp:term":[{"taxonomy":"category","embeddable":true,"href":"https:\/\/radiostudiow.com.br\/site\/wp-json\/wp\/v2\/categories?post=45894"},{"taxonomy":"post_tag","embeddable":true,"href":"https:\/\/radiostudiow.com.br\/site\/wp-json\/wp\/v2\/tags?post=45894"}],"curies":[{"name":"wp","href":"https:\/\/api.w.org\/{rel}","templated":true}]}}