{"id":45900,"date":"2025-12-26T19:36:32","date_gmt":"2025-12-26T22:36:32","guid":{"rendered":"https:\/\/radiostudiow.com.br\/site\/?p=45900"},"modified":"2025-12-26T19:36:33","modified_gmt":"2025-12-26T22:36:33","slug":"motorista-embriagado-e-preso-apos-colidir-com-o-veiculo-em-viatura-policial-em-antonio-olinto","status":"publish","type":"post","link":"https:\/\/radiostudiow.com.br\/site\/2025\/12\/26\/motorista-embriagado-e-preso-apos-colidir-com-o-veiculo-em-viatura-policial-em-antonio-olinto\/","title":{"rendered":"Motorista embriagado \u00e9 preso ap\u00f3s colidir com o ve\u00edculo em viatura policial em Ant\u00f4nio Olinto"},"content":{"rendered":"\n<figure class=\"wp-block-image size-full\"><img loading=\"lazy\" decoding=\"async\" width=\"731\" height=\"204\" src=\"https:\/\/radiostudiow.com.br\/site\/wp-content\/uploads\/2025\/10\/ZAIONS.png\" alt=\"\" class=\"wp-image-44147\" srcset=\"https:\/\/radiostudiow.com.br\/site\/wp-content\/uploads\/2025\/10\/ZAIONS.png 731w, https:\/\/radiostudiow.com.br\/site\/wp-content\/uploads\/2025\/10\/ZAIONS-300x84.png 300w\" sizes=\"auto, (max-width: 731px) 100vw, 731px\" \/><\/figure>\n\n\n\n<p>As equipes da policiais perceberam um forte barulho em frente ao destacamento da Pol\u00edcia Militar ao verificarem a \u00e1rea externa por volta das 17h20min dessa quinta-feira, 25 de dezembro, constataram que um ve\u00edculo utilit\u00e1rio branco havia colidido contra uma viatura policial regularmente estacionada causando danos, ap\u00f3s a colis\u00e3o, o condutor deixou o local sem prestar esclarecimentos.<\/p>\n\n\n\n<p>Imediatamente, as equipes iniciaram dilig\u00eancias, as informa\u00e7\u00f5es levantadas indicaram a localiza\u00e7\u00e3o do ve\u00edculo envolvido. Em ato cont\u00ednuo o autom\u00f3vel foi localizado no p\u00e1tio de uma resid\u00eancia, apresentando danos compat\u00edveis com a colis\u00e3o.<\/p>\n\n\n\n<figure class=\"wp-block-image size-full\"><img loading=\"lazy\" decoding=\"async\" width=\"598\" height=\"204\" src=\"https:\/\/radiostudiow.com.br\/site\/wp-content\/uploads\/2025\/04\/BOROX.png\" alt=\"\" class=\"wp-image-37229\" srcset=\"https:\/\/radiostudiow.com.br\/site\/wp-content\/uploads\/2025\/04\/BOROX.png 598w, https:\/\/radiostudiow.com.br\/site\/wp-content\/uploads\/2025\/04\/BOROX-300x102.png 300w\" sizes=\"auto, (max-width: 598px) 100vw, 598px\" \/><\/figure>\n\n\n\n<p>No local, familiares informaram que o condutor havia chegado pouco tempo ap\u00f3s o ocorrido, sob efeito de \u00e1lcool, o suspeito foi abordado e apresentava sinais vis\u00edveis de embriaguez, questionado, confirmou o consumo de bebidas alco\u00f3licas e admitiu envolvimento no acidente.<\/p>\n\n\n\n<p>Diante da situa\u00e7\u00e3o, foi dado voz de pris\u00e3o ao condutor, o qual foi encaminhado para atendimento m\u00e9dico e, posteriormente, apresentado \u00e0 autoridade policial para os procedimentos legais cab\u00edveis.<\/p>\n","protected":false},"excerpt":{"rendered":"<p>As equipes da policiais perceberam um forte barulho em frente ao destacamento da Pol\u00edcia Militar ao verificarem a \u00e1rea externa por volta das 17h20min dessa quinta-feira, 25 de dezembro, constataram que um ve\u00edculo utilit\u00e1rio branco havia colidido contra uma viatura policial regularmente estacionada causando danos, ap\u00f3s a colis\u00e3o, o condutor deixou o local sem prestar [&hellip;]<\/p>\n","protected":false},"author":2,"featured_media":28860,"comment_status":"open","ping_status":"open","sticky":false,"template":"","format":"standard","meta":{"footnotes":""},"categories":[2],"tags":[172],"class_list":["post-45900","post","type-post","status-publish","format-standard","has-post-thumbnail","hentry","category-policial","tag-featured"],"amp_enabled":true,"_links":{"self":[{"href":"https:\/\/radiostudiow.com.br\/site\/wp-json\/wp\/v2\/posts\/45900","targetHints":{"allow":["GET"]}}],"collection":[{"href":"https:\/\/radiostudiow.com.br\/site\/wp-json\/wp\/v2\/posts"}],"about":[{"href":"https:\/\/radiostudiow.com.br\/site\/wp-json\/wp\/v2\/types\/post"}],"author":[{"embeddable":true,"href":"https:\/\/radiostudiow.com.br\/site\/wp-json\/wp\/v2\/users\/2"}],"replies":[{"embeddable":true,"href":"https:\/\/radiostudiow.com.br\/site\/wp-json\/wp\/v2\/comments?post=45900"}],"version-history":[{"count":2,"href":"https:\/\/radiostudiow.com.br\/site\/wp-json\/wp\/v2\/posts\/45900\/revisions"}],"predecessor-version":[{"id":45903,"href":"https:\/\/radiostudiow.com.br\/site\/wp-json\/wp\/v2\/posts\/45900\/revisions\/45903"}],"wp:featuredmedia":[{"embeddable":true,"href":"https:\/\/radiostudiow.com.br\/site\/wp-json\/wp\/v2\/media\/28860"}],"wp:attachment":[{"href":"https:\/\/radiostudiow.com.br\/site\/wp-json\/wp\/v2\/media?parent=45900"}],"wp:term":[{"taxonomy":"category","embeddable":true,"href":"https:\/\/radiostudiow.com.br\/site\/wp-json\/wp\/v2\/categories?post=45900"},{"taxonomy":"post_tag","embeddable":true,"href":"https:\/\/radiostudiow.com.br\/site\/wp-json\/wp\/v2\/tags?post=45900"}],"curies":[{"name":"wp","href":"https:\/\/api.w.org\/{rel}","templated":true}]}}