{"id":45904,"date":"2025-12-27T09:06:07","date_gmt":"2025-12-27T12:06:07","guid":{"rendered":"https:\/\/radiostudiow.com.br\/site\/?p=45904"},"modified":"2025-12-27T09:13:51","modified_gmt":"2025-12-27T12:13:51","slug":"policia-militar-prende-homem-por-violencia-domestica-em-paulo-frontin","status":"publish","type":"post","link":"https:\/\/radiostudiow.com.br\/site\/2025\/12\/27\/policia-militar-prende-homem-por-violencia-domestica-em-paulo-frontin\/","title":{"rendered":"Pol\u00edcia Militar prende homem por viol\u00eancia dom\u00e9stica em Paulo Frontin"},"content":{"rendered":"\n<figure class=\"wp-block-image size-full\"><img loading=\"lazy\" decoding=\"async\" width=\"731\" height=\"204\" src=\"https:\/\/radiostudiow.com.br\/site\/wp-content\/uploads\/2025\/10\/ZAIONS.png\" alt=\"\" class=\"wp-image-44147\" srcset=\"https:\/\/radiostudiow.com.br\/site\/wp-content\/uploads\/2025\/10\/ZAIONS.png 731w, https:\/\/radiostudiow.com.br\/site\/wp-content\/uploads\/2025\/10\/ZAIONS-300x84.png 300w\" sizes=\"auto, (max-width: 731px) 100vw, 731px\" \/><\/figure>\n\n\n\n<p>Uma mulher compareceu ao destacamento da Pol\u00edcia Militar de Paulo Frontin relatando viol\u00eancia dom\u00e9stica praticada por seu convivente por volta das 14h20min dessa sexta-feira (26).<\/p>\n\n\n\n<p>De acordo com o relat\u00f3rio policial, a v\u00edtima  apresentando les\u00f5es aparentes, de imediato a equipe localizou o autor, realizou a abordagem e deu voz de pris\u00e3o.<\/p>\n\n\n\n<p>A v\u00edtima retirou seus pertences com apoio policial, e as partes foram encaminhadas \u00e0 delegacia para as provid\u00eancias legais.<\/p>\n\n\n\n<figure class=\"wp-block-image size-full\"><img loading=\"lazy\" decoding=\"async\" width=\"897\" height=\"204\" src=\"https:\/\/radiostudiow.com.br\/site\/wp-content\/uploads\/2025\/05\/NUTRI-MALLET.png\" alt=\"\" class=\"wp-image-37813\" srcset=\"https:\/\/radiostudiow.com.br\/site\/wp-content\/uploads\/2025\/05\/NUTRI-MALLET.png 897w, https:\/\/radiostudiow.com.br\/site\/wp-content\/uploads\/2025\/05\/NUTRI-MALLET-300x68.png 300w, https:\/\/radiostudiow.com.br\/site\/wp-content\/uploads\/2025\/05\/NUTRI-MALLET-768x175.png 768w\" sizes=\"auto, (max-width: 897px) 100vw, 897px\" \/><\/figure>\n","protected":false},"excerpt":{"rendered":"<p>Uma mulher compareceu ao destacamento da Pol\u00edcia Militar de Paulo Frontin relatando viol\u00eancia dom\u00e9stica praticada por seu convivente por volta das 14h20min dessa sexta-feira (26). De acordo com o relat\u00f3rio policial, a v\u00edtima apresentando les\u00f5es aparentes, de imediato a equipe localizou o autor, realizou a abordagem e deu voz de pris\u00e3o. A v\u00edtima retirou seus [&hellip;]<\/p>\n","protected":false},"author":2,"featured_media":37243,"comment_status":"open","ping_status":"open","sticky":false,"template":"","format":"standard","meta":{"footnotes":""},"categories":[2],"tags":[172],"class_list":["post-45904","post","type-post","status-publish","format-standard","has-post-thumbnail","hentry","category-policial","tag-featured"],"amp_enabled":true,"_links":{"self":[{"href":"https:\/\/radiostudiow.com.br\/site\/wp-json\/wp\/v2\/posts\/45904","targetHints":{"allow":["GET"]}}],"collection":[{"href":"https:\/\/radiostudiow.com.br\/site\/wp-json\/wp\/v2\/posts"}],"about":[{"href":"https:\/\/radiostudiow.com.br\/site\/wp-json\/wp\/v2\/types\/post"}],"author":[{"embeddable":true,"href":"https:\/\/radiostudiow.com.br\/site\/wp-json\/wp\/v2\/users\/2"}],"replies":[{"embeddable":true,"href":"https:\/\/radiostudiow.com.br\/site\/wp-json\/wp\/v2\/comments?post=45904"}],"version-history":[{"count":3,"href":"https:\/\/radiostudiow.com.br\/site\/wp-json\/wp\/v2\/posts\/45904\/revisions"}],"predecessor-version":[{"id":45914,"href":"https:\/\/radiostudiow.com.br\/site\/wp-json\/wp\/v2\/posts\/45904\/revisions\/45914"}],"wp:featuredmedia":[{"embeddable":true,"href":"https:\/\/radiostudiow.com.br\/site\/wp-json\/wp\/v2\/media\/37243"}],"wp:attachment":[{"href":"https:\/\/radiostudiow.com.br\/site\/wp-json\/wp\/v2\/media?parent=45904"}],"wp:term":[{"taxonomy":"category","embeddable":true,"href":"https:\/\/radiostudiow.com.br\/site\/wp-json\/wp\/v2\/categories?post=45904"},{"taxonomy":"post_tag","embeddable":true,"href":"https:\/\/radiostudiow.com.br\/site\/wp-json\/wp\/v2\/tags?post=45904"}],"curies":[{"name":"wp","href":"https:\/\/api.w.org\/{rel}","templated":true}]}}