{"id":45920,"date":"2025-12-27T09:32:52","date_gmt":"2025-12-27T12:32:52","guid":{"rendered":"https:\/\/radiostudiow.com.br\/site\/?p=45920"},"modified":"2025-12-27T09:32:53","modified_gmt":"2025-12-27T12:32:53","slug":"idosa-morre-e-homem-fica-gravemente-ferido-em-colisao-em-irati","status":"publish","type":"post","link":"https:\/\/radiostudiow.com.br\/site\/2025\/12\/27\/idosa-morre-e-homem-fica-gravemente-ferido-em-colisao-em-irati\/","title":{"rendered":"Idosa morre e homem fica gravemente ferido em colis\u00e3o em Irati"},"content":{"rendered":"\n<figure class=\"wp-block-image size-full\"><img loading=\"lazy\" decoding=\"async\" width=\"897\" height=\"204\" src=\"https:\/\/radiostudiow.com.br\/site\/wp-content\/uploads\/2025\/03\/image-62.png\" alt=\"\" class=\"wp-image-35859\" srcset=\"https:\/\/radiostudiow.com.br\/site\/wp-content\/uploads\/2025\/03\/image-62.png 897w, https:\/\/radiostudiow.com.br\/site\/wp-content\/uploads\/2025\/03\/image-62-300x68.png 300w, https:\/\/radiostudiow.com.br\/site\/wp-content\/uploads\/2025\/03\/image-62-768x175.png 768w\" sizes=\"auto, (max-width: 897px) 100vw, 897px\" \/><\/figure>\n\n\n\n<p>Na tarde desta sexta-feira (26), por volta das 17h00, um grave acidente de tr\u00e2nsito foi registrado no km 242 da BR-277, em Irati, na regi\u00e3o Centro-Sul do Paran\u00e1. A ocorr\u00eancia foi do tipo colis\u00e3o transversal e envolveu dois ve\u00edculos, resultando em duas pessoas feridas, sendo uma v\u00edtima fatal.<\/p>\n\n\n\n<p>De acordo com informa\u00e7\u00f5es da Pol\u00edcia Rodovi\u00e1ria Federal (PRF), os ve\u00edculos envolvidos foram uma Fiat Strada, de cor cinza, com placas de Fernandes Pinheiro (PR), e um SUV Audi Q8, com placas do Paraguai.<\/p>\n\n\n\n<p>O condutor da Fiat Strada, um homem de 80 anos, e a passageira, uma mulher de 69 anos, sofreram ferimentos graves. Durante o atendimento m\u00e9dico no local, a passageira n\u00e3o resistiu aos ferimentos e entrou em \u00f3bito. O motorista foi socorrido pelo servi\u00e7o aerom\u00e9dico do SAMU e encaminhado ao Hospital Regional de Ponta Grossa.<\/p>\n\n\n\n<figure class=\"wp-block-image size-full\"><img loading=\"lazy\" decoding=\"async\" width=\"598\" height=\"204\" src=\"https:\/\/radiostudiow.com.br\/site\/wp-content\/uploads\/2024\/10\/labirati.png\" alt=\"\" class=\"wp-image-28854\" srcset=\"https:\/\/radiostudiow.com.br\/site\/wp-content\/uploads\/2024\/10\/labirati.png 598w, https:\/\/radiostudiow.com.br\/site\/wp-content\/uploads\/2024\/10\/labirati-300x102.png 300w\" sizes=\"auto, (max-width: 598px) 100vw, 598px\" \/><\/figure>\n\n\n\n<p>J\u00e1 o condutor do Audi Q8, um homem de 70 anos, assim como sua esposa e filha, n\u00e3o se feriram.<\/p>\n\n\n\n<p>Em raz\u00e3o do acidente, a BR-277 ficou totalmente interditada por aproximadamente uma hora para o atendimento da ocorr\u00eancia e a remo\u00e7\u00e3o das v\u00edtimas.<\/p>\n\n\n\n<p>A PRF esteve no local realizando os procedimentos de praxe e orientando o tr\u00e2nsito.<\/p>\n\n\n\n<p><em>Informa\u00e7\u00f5es: PRF\/Imagens: 6\u00ba CIBM\/Mat\u00e9ria: Rep\u00f3rter Kiko de Oliveira<\/em><\/p>\n","protected":false},"excerpt":{"rendered":"<p>Na tarde desta sexta-feira (26), por volta das 17h00, um grave acidente de tr\u00e2nsito foi registrado no km 242 da BR-277, em Irati, na regi\u00e3o Centro-Sul do Paran\u00e1. A ocorr\u00eancia foi do tipo colis\u00e3o transversal e envolveu dois ve\u00edculos, resultando em duas pessoas feridas, sendo uma v\u00edtima fatal. De acordo com informa\u00e7\u00f5es da Pol\u00edcia Rodovi\u00e1ria [&hellip;]<\/p>\n","protected":false},"author":2,"featured_media":45921,"comment_status":"open","ping_status":"open","sticky":false,"template":"","format":"standard","meta":{"footnotes":""},"categories":[185],"tags":[172],"class_list":["post-45920","post","type-post","status-publish","format-standard","has-post-thumbnail","hentry","category-regional","tag-featured"],"amp_enabled":true,"_links":{"self":[{"href":"https:\/\/radiostudiow.com.br\/site\/wp-json\/wp\/v2\/posts\/45920","targetHints":{"allow":["GET"]}}],"collection":[{"href":"https:\/\/radiostudiow.com.br\/site\/wp-json\/wp\/v2\/posts"}],"about":[{"href":"https:\/\/radiostudiow.com.br\/site\/wp-json\/wp\/v2\/types\/post"}],"author":[{"embeddable":true,"href":"https:\/\/radiostudiow.com.br\/site\/wp-json\/wp\/v2\/users\/2"}],"replies":[{"embeddable":true,"href":"https:\/\/radiostudiow.com.br\/site\/wp-json\/wp\/v2\/comments?post=45920"}],"version-history":[{"count":1,"href":"https:\/\/radiostudiow.com.br\/site\/wp-json\/wp\/v2\/posts\/45920\/revisions"}],"predecessor-version":[{"id":45922,"href":"https:\/\/radiostudiow.com.br\/site\/wp-json\/wp\/v2\/posts\/45920\/revisions\/45922"}],"wp:featuredmedia":[{"embeddable":true,"href":"https:\/\/radiostudiow.com.br\/site\/wp-json\/wp\/v2\/media\/45921"}],"wp:attachment":[{"href":"https:\/\/radiostudiow.com.br\/site\/wp-json\/wp\/v2\/media?parent=45920"}],"wp:term":[{"taxonomy":"category","embeddable":true,"href":"https:\/\/radiostudiow.com.br\/site\/wp-json\/wp\/v2\/categories?post=45920"},{"taxonomy":"post_tag","embeddable":true,"href":"https:\/\/radiostudiow.com.br\/site\/wp-json\/wp\/v2\/tags?post=45920"}],"curies":[{"name":"wp","href":"https:\/\/api.w.org\/{rel}","templated":true}]}}