{"id":45923,"date":"2025-12-27T09:36:26","date_gmt":"2025-12-27T12:36:26","guid":{"rendered":"https:\/\/radiostudiow.com.br\/site\/?p=45923"},"modified":"2025-12-27T10:21:50","modified_gmt":"2025-12-27T13:21:50","slug":"homem-morre-em-grave-acidente-na-br-277-em-guarapuava","status":"publish","type":"post","link":"https:\/\/radiostudiow.com.br\/site\/2025\/12\/27\/homem-morre-em-grave-acidente-na-br-277-em-guarapuava\/","title":{"rendered":"Homem morre em grave acidente na BR-277 em Guarapuava"},"content":{"rendered":"\n<p>Um grave acidente de tr\u00e2nsito terminou em trag\u00e9dia por volta das 16 horas dessa quarta-feira (24), no km 341 da BR-277, em Guarapuava (PR). Um ve\u00edculo de passeio saiu da pista nas proximidades de uma ponte e caiu em uma \u00e1rea abaixo da rodovia, pr\u00f3ximo ao Rio das Mortes, resultando na morte do condutor.<\/p>\n\n\n\n<p>De acordo com as informa\u00e7\u00f5es apuradas no local, o autom\u00f3vel seguia pela BR-277 quando, por motivos ainda desconhecidos, o motorista perdeu o controle da dire\u00e7\u00e3o. O ve\u00edculo foi projetado para fora da pista, atravessou o leito do Rio das Mortes e colidiu contra a margem oposta.<\/p>\n\n\n\n<figure class=\"wp-block-image size-full\"><img loading=\"lazy\" decoding=\"async\" width=\"897\" height=\"204\" src=\"https:\/\/radiostudiow.com.br\/site\/wp-content\/uploads\/2025\/06\/BARROS.png\" alt=\"\" class=\"wp-image-39575\" srcset=\"https:\/\/radiostudiow.com.br\/site\/wp-content\/uploads\/2025\/06\/BARROS.png 897w, https:\/\/radiostudiow.com.br\/site\/wp-content\/uploads\/2025\/06\/BARROS-300x68.png 300w, https:\/\/radiostudiow.com.br\/site\/wp-content\/uploads\/2025\/06\/BARROS-768x175.png 768w\" sizes=\"auto, (max-width: 897px) 100vw, 897px\" \/><\/figure>\n\n\n\n<p>Segundo a Pol\u00edcia Rodovi\u00e1ria Federal (PRF), o ve\u00edculo envolvido \u00e9 um Renault Oroch, de cor prata, com placas de Guarapuava. O condutor, um homem de 54 anos, n\u00e3o resistiu \u00e0 gravidade dos ferimentos e morreu no local do acidente.<\/p>\n\n\n\n<p>Equipes do Corpo de Bombeiros do 12\u00ba Batalh\u00e3o foram acionadas para atender a ocorr\u00eancia. Devido \u00e0 complexidade do resgate e ao dif\u00edcil acesso, foi necess\u00e1rio realizar o desencarceramento mec\u00e2nico da v\u00edtima e a montagem de um sistema de tirolesa para o envio de equipamentos e retirada segura do corpo.<\/p>\n\n\n\n<p>Ap\u00f3s os trabalhos das equipes de resgate, o corpo foi encaminhado ao Instituto M\u00e9dico Legal (IML). As causas do acidente ser\u00e3o investigadas pelas autoridades competentes.<\/p>\n\n\n\n<p><em>Informa\u00e7\u00f5es: 12\u00ba BBM \/ PRF\/Imagens: 12\u00ba BBM\/Mat\u00e9ria: Rep\u00f3rter Kiko de Oliveira<\/em><\/p>\n\n\n\n<figure class=\"wp-block-gallery has-nested-images columns-default is-cropped wp-block-gallery-1 is-layout-flex wp-block-gallery-is-layout-flex\">\n<figure class=\"wp-block-image size-large\"><img loading=\"lazy\" decoding=\"async\" width=\"1024\" height=\"614\" data-id=\"45321\" src=\"https:\/\/radiostudiow.com.br\/site\/wp-content\/uploads\/2025\/12\/SITES-PEQUENO-GRANDE-1024x614.png\" alt=\"\" class=\"wp-image-45321\" srcset=\"https:\/\/radiostudiow.com.br\/site\/wp-content\/uploads\/2025\/12\/SITES-PEQUENO-GRANDE-1024x614.png 1024w, https:\/\/radiostudiow.com.br\/site\/wp-content\/uploads\/2025\/12\/SITES-PEQUENO-GRANDE-300x180.png 300w, https:\/\/radiostudiow.com.br\/site\/wp-content\/uploads\/2025\/12\/SITES-PEQUENO-GRANDE-768x461.png 768w, https:\/\/radiostudiow.com.br\/site\/wp-content\/uploads\/2025\/12\/SITES-PEQUENO-GRANDE-1536x921.png 1536w, https:\/\/radiostudiow.com.br\/site\/wp-content\/uploads\/2025\/12\/SITES-PEQUENO-GRANDE-1000x600.png 1000w, https:\/\/radiostudiow.com.br\/site\/wp-content\/uploads\/2025\/12\/SITES-PEQUENO-GRANDE-590x354.png 590w, https:\/\/radiostudiow.com.br\/site\/wp-content\/uploads\/2025\/12\/SITES-PEQUENO-GRANDE-400x240.png 400w, https:\/\/radiostudiow.com.br\/site\/wp-content\/uploads\/2025\/12\/SITES-PEQUENO-GRANDE.png 1672w\" sizes=\"auto, (max-width: 1024px) 100vw, 1024px\" \/><\/figure>\n\n\n\n<figure class=\"wp-block-image size-large\"><img loading=\"lazy\" decoding=\"async\" width=\"300\" height=\"180\" data-id=\"39582\" src=\"https:\/\/radiostudiow.com.br\/site\/wp-content\/uploads\/2025\/06\/PLAY-HALL.png\" alt=\"\" class=\"wp-image-39582\"\/><\/figure>\n<\/figure>\n","protected":false},"excerpt":{"rendered":"<p>Um grave acidente de tr\u00e2nsito terminou em trag\u00e9dia por volta das 16 horas dessa quarta-feira (24), no km 341 da BR-277, em Guarapuava (PR). Um ve\u00edculo de passeio saiu da pista nas proximidades de uma ponte e caiu em uma \u00e1rea abaixo da rodovia, pr\u00f3ximo ao Rio das Mortes, resultando na morte do condutor. De [&hellip;]<\/p>\n","protected":false},"author":2,"featured_media":45924,"comment_status":"open","ping_status":"open","sticky":false,"template":"","format":"standard","meta":{"footnotes":""},"categories":[185],"tags":[172],"class_list":["post-45923","post","type-post","status-publish","format-standard","has-post-thumbnail","hentry","category-regional","tag-featured"],"amp_enabled":true,"_links":{"self":[{"href":"https:\/\/radiostudiow.com.br\/site\/wp-json\/wp\/v2\/posts\/45923","targetHints":{"allow":["GET"]}}],"collection":[{"href":"https:\/\/radiostudiow.com.br\/site\/wp-json\/wp\/v2\/posts"}],"about":[{"href":"https:\/\/radiostudiow.com.br\/site\/wp-json\/wp\/v2\/types\/post"}],"author":[{"embeddable":true,"href":"https:\/\/radiostudiow.com.br\/site\/wp-json\/wp\/v2\/users\/2"}],"replies":[{"embeddable":true,"href":"https:\/\/radiostudiow.com.br\/site\/wp-json\/wp\/v2\/comments?post=45923"}],"version-history":[{"count":2,"href":"https:\/\/radiostudiow.com.br\/site\/wp-json\/wp\/v2\/posts\/45923\/revisions"}],"predecessor-version":[{"id":45929,"href":"https:\/\/radiostudiow.com.br\/site\/wp-json\/wp\/v2\/posts\/45923\/revisions\/45929"}],"wp:featuredmedia":[{"embeddable":true,"href":"https:\/\/radiostudiow.com.br\/site\/wp-json\/wp\/v2\/media\/45924"}],"wp:attachment":[{"href":"https:\/\/radiostudiow.com.br\/site\/wp-json\/wp\/v2\/media?parent=45923"}],"wp:term":[{"taxonomy":"category","embeddable":true,"href":"https:\/\/radiostudiow.com.br\/site\/wp-json\/wp\/v2\/categories?post=45923"},{"taxonomy":"post_tag","embeddable":true,"href":"https:\/\/radiostudiow.com.br\/site\/wp-json\/wp\/v2\/tags?post=45923"}],"curies":[{"name":"wp","href":"https:\/\/api.w.org\/{rel}","templated":true}]}}