{"id":45939,"date":"2025-12-27T11:58:18","date_gmt":"2025-12-27T14:58:18","guid":{"rendered":"https:\/\/radiostudiow.com.br\/site\/?p=45939"},"modified":"2025-12-27T11:58:19","modified_gmt":"2025-12-27T14:58:19","slug":"acidente-entre-carreta-e-carro-e-registrado-em-irineopolis","status":"publish","type":"post","link":"https:\/\/radiostudiow.com.br\/site\/2025\/12\/27\/acidente-entre-carreta-e-carro-e-registrado-em-irineopolis\/","title":{"rendered":"Acidente entre carreta e carro \u00e9 registrado em Irine\u00f3polis"},"content":{"rendered":"\n<figure class=\"wp-block-image size-full is-resized\"><img loading=\"lazy\" decoding=\"async\" width=\"1024\" height=\"591\" src=\"https:\/\/radiostudiow.com.br\/site\/wp-content\/uploads\/2025\/09\/CASA-DO-CRIADOR.png\" alt=\"\" class=\"wp-image-42859\" style=\"aspect-ratio:1.7327040573665533;width:490px;height:auto\" srcset=\"https:\/\/radiostudiow.com.br\/site\/wp-content\/uploads\/2025\/09\/CASA-DO-CRIADOR.png 1024w, https:\/\/radiostudiow.com.br\/site\/wp-content\/uploads\/2025\/09\/CASA-DO-CRIADOR-300x173.png 300w, https:\/\/radiostudiow.com.br\/site\/wp-content\/uploads\/2025\/09\/CASA-DO-CRIADOR-768x443.png 768w\" sizes=\"auto, (max-width: 1024px) 100vw, 1024px\" \/><\/figure>\n\n\n\n<p>Um acidente de tr\u00e2nsito envolvendo uma carreta e um autom\u00f3vel foi atendido na tarde desta sexta-feira (26), por volta das 17h24, na BR-280, no trecho da localidade de S\u00e3o Pascoal, em Irine\u00f3polis.<\/p>\n\n\n\n<p>As equipes do Corpo de Bombeiros de Irine\u00f3polis foram acionadas para o atendimento e constataram a colis\u00e3o entre um cavalo mec\u00e2nico Scania R450, de cor branca, e uma VW Saveiro preta.<\/p>\n\n\n\n<p>O motorista do autom\u00f3vel, um homem de 41 anos, foi encontrado consciente, orientado e com quadro cl\u00ednico est\u00e1vel, apresentando uma contus\u00e3o na lateral esquerda da cabe\u00e7a. Segundo informa\u00e7\u00f5es repassadas no local, ele teria sofrido uma perda moment\u00e2nea de consci\u00eancia ap\u00f3s o impacto. O atendimento inicial foi prestado pelos bombeiros e, posteriormente, assumido pela equipe de suporte b\u00e1sico do SAMU de Irine\u00f3polis, que realizou o encaminhamento da v\u00edtima para atendimento m\u00e9dico.<\/p>\n\n\n\n<figure class=\"wp-block-image size-full\"><img loading=\"lazy\" decoding=\"async\" width=\"494\" height=\"285\" src=\"https:\/\/radiostudiow.com.br\/site\/wp-content\/uploads\/2025\/11\/sobanski-arte.jpg\" alt=\"\" class=\"wp-image-44763\" srcset=\"https:\/\/radiostudiow.com.br\/site\/wp-content\/uploads\/2025\/11\/sobanski-arte.jpg 494w, https:\/\/radiostudiow.com.br\/site\/wp-content\/uploads\/2025\/11\/sobanski-arte-300x173.jpg 300w\" sizes=\"auto, (max-width: 494px) 100vw, 494px\" \/><\/figure>\n\n\n\n<p>O passageiro do carro n\u00e3o apresentava ferimentos aparentes, encontrava-se consciente e orientado e recusou atendimento no local, seguindo viagem ap\u00f3s avalia\u00e7\u00e3o da equipe de sa\u00fade.<\/p>\n\n\n\n<p>O condutor da carreta, de 37 anos, tamb\u00e9m n\u00e3o apresentava les\u00f5es, estava consciente, orientado e em estado est\u00e1vel. Ap\u00f3s avalia\u00e7\u00e3o, ele recusou encaminhamento hospitalar e assinou o termo de recusa.<\/p>\n\n\n\n<p>A ocorr\u00eancia ficou sob responsabilidade da Pol\u00edcia Rodovi\u00e1ria Federal, que realizou os procedimentos necess\u00e1rios e assumiu o controle da rodovia.<\/p>\n","protected":false},"excerpt":{"rendered":"<p>Um acidente de tr\u00e2nsito envolvendo uma carreta e um autom\u00f3vel foi atendido na tarde desta sexta-feira (26), por volta das 17h24, na BR-280, no trecho da localidade de S\u00e3o Pascoal, em Irine\u00f3polis. As equipes do Corpo de Bombeiros de Irine\u00f3polis foram acionadas para o atendimento e constataram a colis\u00e3o entre um cavalo mec\u00e2nico Scania R450, [&hellip;]<\/p>\n","protected":false},"author":2,"featured_media":45940,"comment_status":"open","ping_status":"open","sticky":false,"template":"","format":"standard","meta":{"footnotes":""},"categories":[185],"tags":[172],"class_list":["post-45939","post","type-post","status-publish","format-standard","has-post-thumbnail","hentry","category-regional","tag-featured"],"amp_enabled":true,"_links":{"self":[{"href":"https:\/\/radiostudiow.com.br\/site\/wp-json\/wp\/v2\/posts\/45939","targetHints":{"allow":["GET"]}}],"collection":[{"href":"https:\/\/radiostudiow.com.br\/site\/wp-json\/wp\/v2\/posts"}],"about":[{"href":"https:\/\/radiostudiow.com.br\/site\/wp-json\/wp\/v2\/types\/post"}],"author":[{"embeddable":true,"href":"https:\/\/radiostudiow.com.br\/site\/wp-json\/wp\/v2\/users\/2"}],"replies":[{"embeddable":true,"href":"https:\/\/radiostudiow.com.br\/site\/wp-json\/wp\/v2\/comments?post=45939"}],"version-history":[{"count":2,"href":"https:\/\/radiostudiow.com.br\/site\/wp-json\/wp\/v2\/posts\/45939\/revisions"}],"predecessor-version":[{"id":45942,"href":"https:\/\/radiostudiow.com.br\/site\/wp-json\/wp\/v2\/posts\/45939\/revisions\/45942"}],"wp:featuredmedia":[{"embeddable":true,"href":"https:\/\/radiostudiow.com.br\/site\/wp-json\/wp\/v2\/media\/45940"}],"wp:attachment":[{"href":"https:\/\/radiostudiow.com.br\/site\/wp-json\/wp\/v2\/media?parent=45939"}],"wp:term":[{"taxonomy":"category","embeddable":true,"href":"https:\/\/radiostudiow.com.br\/site\/wp-json\/wp\/v2\/categories?post=45939"},{"taxonomy":"post_tag","embeddable":true,"href":"https:\/\/radiostudiow.com.br\/site\/wp-json\/wp\/v2\/tags?post=45939"}],"curies":[{"name":"wp","href":"https:\/\/api.w.org\/{rel}","templated":true}]}}