{"id":45972,"date":"2025-12-31T08:29:20","date_gmt":"2025-12-31T11:29:20","guid":{"rendered":"https:\/\/radiostudiow.com.br\/site\/?p=45972"},"modified":"2025-12-31T08:29:21","modified_gmt":"2025-12-31T11:29:21","slug":"motocicleta-furtada-e-localizada-por-familiares-em-area-de-uniao-da-vitoria","status":"publish","type":"post","link":"https:\/\/radiostudiow.com.br\/site\/2025\/12\/31\/motocicleta-furtada-e-localizada-por-familiares-em-area-de-uniao-da-vitoria\/","title":{"rendered":"Motocicleta furtada \u00e9 localizada por familiares em \u00e1rea de Uni\u00e3o da Vit\u00f3ria"},"content":{"rendered":"\n<figure class=\"wp-block-image size-full\"><img loading=\"lazy\" decoding=\"async\" width=\"897\" height=\"204\" src=\"https:\/\/radiostudiow.com.br\/site\/wp-content\/uploads\/2025\/03\/BARAO-NOVO-NOTICIAS-1.jpg\" alt=\"\" class=\"wp-image-35084\" srcset=\"https:\/\/radiostudiow.com.br\/site\/wp-content\/uploads\/2025\/03\/BARAO-NOVO-NOTICIAS-1.jpg 897w, https:\/\/radiostudiow.com.br\/site\/wp-content\/uploads\/2025\/03\/BARAO-NOVO-NOTICIAS-1-300x68.jpg 300w, https:\/\/radiostudiow.com.br\/site\/wp-content\/uploads\/2025\/03\/BARAO-NOVO-NOTICIAS-1-768x175.jpg 768w\" sizes=\"auto, (max-width: 897px) 100vw, 897px\" \/><\/figure>\n\n\n\n<p>A equipe da Pol\u00edcia Militar foi acionada para registrar a recupera\u00e7\u00e3o de uma motocicleta que havia sido furtada durante a madrugada desta ter\u00e7a-feira (30). O ve\u00edculo foi localizado pelos pr\u00f3prios familiares da v\u00edtima por volta das\u00a023 horas do mesmo dia.<\/p>\n\n\n\n<p>De acordo com o relat\u00f3rio policial, a motocicleta foi encontrada em uma \u00e1rea de mata situada nas proximidades da resid\u00eancia do propriet\u00e1rio, no\u00a0Bairro S\u00e3o Braz. Ap\u00f3s o furto ocorrido horas antes, familiares iniciaram buscas por conta pr\u00f3pria e conseguiram identificar o paradeiro do ve\u00edculo.<\/p>\n\n\n\n<figure class=\"wp-block-image size-full\"><img loading=\"lazy\" decoding=\"async\" width=\"598\" height=\"204\" src=\"https:\/\/radiostudiow.com.br\/site\/wp-content\/uploads\/2024\/10\/labirati.png\" alt=\"\" class=\"wp-image-28854\" srcset=\"https:\/\/radiostudiow.com.br\/site\/wp-content\/uploads\/2024\/10\/labirati.png 598w, https:\/\/radiostudiow.com.br\/site\/wp-content\/uploads\/2024\/10\/labirati-300x102.png 300w\" sizes=\"auto, (max-width: 598px) 100vw, 598px\" \/><\/figure>\n\n\n\n<p>Uma equipe da R\u00e1dio Patrulha Auto (RPA) deslocou-se at\u00e9 o local para confirmar a situa\u00e7\u00e3o e realizar os procedimentos de praxe. A motocicleta foi apreendida para os tr\u00e2mites administrativos.<\/p>\n\n\n\n<p>Tanto o ve\u00edculo quanto o propriet\u00e1rio foram conduzidos \u00e0\u00a0Delegacia de Pol\u00edcia Civil\u00a0para a baixa no registro de furto e posterior libera\u00e7\u00e3o do bem.<\/p>\n\n\n\n<p>O caso agora segue para investiga\u00e7\u00e3o da Pol\u00edcia Civil para identificar os autores da subtra\u00e7\u00e3o.<\/p>\n\n\n\n<p><a href=\"mailto:?subject=Motocicleta%20furtada%20%C3%A9%20localizada%20por%20familiares%20em%20%C3%A1rea%20de%20mata%20no%20S%C3%A3o%20Braz&amp;body=https:\/\/www.vvale.com.br\/seguranca\/motocicleta-furtada-e-localizada-por-familiares-em-area-de-mata-no-sao-braz\/\" target=\"_blank\" rel=\"noreferrer noopener\"><\/a><\/p>\n","protected":false},"excerpt":{"rendered":"<p>A equipe da Pol\u00edcia Militar foi acionada para registrar a recupera\u00e7\u00e3o de uma motocicleta que havia sido furtada durante a madrugada desta ter\u00e7a-feira (30). O ve\u00edculo foi localizado pelos pr\u00f3prios familiares da v\u00edtima por volta das\u00a023 horas do mesmo dia. De acordo com o relat\u00f3rio policial, a motocicleta foi encontrada em uma \u00e1rea de mata [&hellip;]<\/p>\n","protected":false},"author":2,"featured_media":45973,"comment_status":"open","ping_status":"open","sticky":false,"template":"","format":"standard","meta":{"footnotes":""},"categories":[2],"tags":[172],"class_list":["post-45972","post","type-post","status-publish","format-standard","has-post-thumbnail","hentry","category-policial","tag-featured"],"amp_enabled":true,"_links":{"self":[{"href":"https:\/\/radiostudiow.com.br\/site\/wp-json\/wp\/v2\/posts\/45972","targetHints":{"allow":["GET"]}}],"collection":[{"href":"https:\/\/radiostudiow.com.br\/site\/wp-json\/wp\/v2\/posts"}],"about":[{"href":"https:\/\/radiostudiow.com.br\/site\/wp-json\/wp\/v2\/types\/post"}],"author":[{"embeddable":true,"href":"https:\/\/radiostudiow.com.br\/site\/wp-json\/wp\/v2\/users\/2"}],"replies":[{"embeddable":true,"href":"https:\/\/radiostudiow.com.br\/site\/wp-json\/wp\/v2\/comments?post=45972"}],"version-history":[{"count":1,"href":"https:\/\/radiostudiow.com.br\/site\/wp-json\/wp\/v2\/posts\/45972\/revisions"}],"predecessor-version":[{"id":45974,"href":"https:\/\/radiostudiow.com.br\/site\/wp-json\/wp\/v2\/posts\/45972\/revisions\/45974"}],"wp:featuredmedia":[{"embeddable":true,"href":"https:\/\/radiostudiow.com.br\/site\/wp-json\/wp\/v2\/media\/45973"}],"wp:attachment":[{"href":"https:\/\/radiostudiow.com.br\/site\/wp-json\/wp\/v2\/media?parent=45972"}],"wp:term":[{"taxonomy":"category","embeddable":true,"href":"https:\/\/radiostudiow.com.br\/site\/wp-json\/wp\/v2\/categories?post=45972"},{"taxonomy":"post_tag","embeddable":true,"href":"https:\/\/radiostudiow.com.br\/site\/wp-json\/wp\/v2\/tags?post=45972"}],"curies":[{"name":"wp","href":"https:\/\/api.w.org\/{rel}","templated":true}]}}