{"id":45975,"date":"2025-12-31T08:35:35","date_gmt":"2025-12-31T11:35:35","guid":{"rendered":"https:\/\/radiostudiow.com.br\/site\/?p=45975"},"modified":"2025-12-31T09:37:34","modified_gmt":"2025-12-31T12:37:34","slug":"motorista-com-sinais-de-embriaguez-volide-contra-poste-e-e-preso-no-bairro-rocio","status":"publish","type":"post","link":"https:\/\/radiostudiow.com.br\/site\/2025\/12\/31\/motorista-com-sinais-de-embriaguez-volide-contra-poste-e-e-preso-no-bairro-rocio\/","title":{"rendered":"Motorista com sinais de embriaguez colide contra poste e \u00e9 preso no Bairro Rocio"},"content":{"rendered":"\n<figure class=\"wp-block-image size-full\"><img loading=\"lazy\" decoding=\"async\" width=\"897\" height=\"204\" src=\"https:\/\/radiostudiow.com.br\/site\/wp-content\/uploads\/2025\/03\/image-62.png\" alt=\"\" class=\"wp-image-35859\" srcset=\"https:\/\/radiostudiow.com.br\/site\/wp-content\/uploads\/2025\/03\/image-62.png 897w, https:\/\/radiostudiow.com.br\/site\/wp-content\/uploads\/2025\/03\/image-62-300x68.png 300w, https:\/\/radiostudiow.com.br\/site\/wp-content\/uploads\/2025\/03\/image-62-768x175.png 768w\" sizes=\"auto, (max-width: 897px) 100vw, 897px\" \/><\/figure>\n\n\n\n<p>Um acidente de tr\u00e2nsito envolvendo uma colis\u00e3o frontal contra um poste de ilumina\u00e7\u00e3o p\u00fablica  no bairro Rocio mobilizou a Pol\u00edcia Militar por volta das\u00a002h30min desta quarta-feira (31).<\/p>\n\n\n\n<p>Ao chegar ao local, a equipe da R\u00e1dio Patrulha Auto (RPA) constatou que o ve\u00edculo havia impactado violentamente contra a estrutura. O condutor j\u00e1 se encontrava fora do autom\u00f3vel e relatou aos policiais ter perdido o controle da dire\u00e7\u00e3o ao passar pelo cruzamento da via.<\/p>\n\n\n\n<p>Durante a fiscaliza\u00e7\u00e3o, os policiais notaram que o homem apresentava\u00a0sinais vis\u00edveis de embriaguez\u00a0e altera\u00e7\u00f5es psicomotoras.<\/p>\n\n\n\n<figure class=\"wp-block-image size-full\"><img loading=\"lazy\" decoding=\"async\" width=\"598\" height=\"204\" src=\"https:\/\/radiostudiow.com.br\/site\/wp-content\/uploads\/2024\/01\/SITE-MEDIO.png\" alt=\"\" class=\"wp-image-18916\" srcset=\"https:\/\/radiostudiow.com.br\/site\/wp-content\/uploads\/2024\/01\/SITE-MEDIO.png 598w, https:\/\/radiostudiow.com.br\/site\/wp-content\/uploads\/2024\/01\/SITE-MEDIO-300x102.png 300w\" sizes=\"auto, (max-width: 598px) 100vw, 598px\" \/><\/figure>\n\n\n\n<p>Foi oferecida a realiza\u00e7\u00e3o do teste do etil\u00f4metro (baf\u00f4metro), por\u00e9m o motorista se recusou a soprar o aparelho.\u00a0Al\u00e9m dos sinais de \u00e1lcool, o condutor admitiu \u00e0 equipe policial ter feito uso de subst\u00e2ncia entorpecente.<\/p>\n\n\n\n<p>Diante da admiss\u00e3o do uso de subst\u00e2ncias e da n\u00edtida incapacidade para conduzir o ve\u00edculo, foi dada\u00a0voz de pris\u00e3o\u00a0em flagrante. O homem foi encaminhado \u00e0 Delegacia de Pol\u00edcia Civil para a lavratura do auto de pris\u00e3o e demais provid\u00eancias legais.<\/p>\n\n\n\n<p><a target=\"_blank\" href=\"mailto:?subject=Motorista%20com%20sinais%20de%20embriaguez%20volide%20contra%20poste%20e%20%C3%A9%20preso%20no%20Bairro%20Rocio&amp;body=https:\/\/www.vvale.com.br\/seguranca\/motorista-com-sinais-de-embriaguez-volide-contra-poste-e-e-preso-no-bairro-rocio\/\" rel=\"noreferrer noopener\"><\/a><a target=\"_blank\" href=\"https:\/\/www.facebook.com\/sharer\/sharer.php?u=https:\/\/www.vvale.com.br\/seguranca\/motorista-com-sinais-de-embriaguez-volide-contra-poste-e-e-preso-no-bairro-rocio\/\" rel=\"noreferrer noopener\"><\/a><a target=\"_blank\" href=\"https:\/\/twitter.com\/intent\/tweet?url=https:\/\/www.vvale.com.br\/seguranca\/motorista-com-sinais-de-embriaguez-volide-contra-poste-e-e-preso-no-bairro-rocio\/&amp;text=Motorista%20com%20sinais%20de%20embriaguez%20volide%20contra%20poste%20e%20%C3%A9%20preso%20no%20Bairro%20Rocio\" rel=\"noreferrer noopener\"><\/a><a target=\"_blank\" href=\"https:\/\/wa.me\/?text=Motorista%20com%20sinais%20de%20embriaguez%20volide%20contra%20poste%20e%20%C3%A9%20preso%20no%20Bairro%20Rocio%0A%0Ahttps:\/\/www.vvale.com.br\/seguranca\/motorista-com-sinais-de-embriaguez-volide-contra-poste-e-e-preso-no-bairro-rocio\/\" rel=\"noreferrer noopener\"><\/a><\/p>\n","protected":false},"excerpt":{"rendered":"<p>Um acidente de tr\u00e2nsito envolvendo uma colis\u00e3o frontal contra um poste de ilumina\u00e7\u00e3o p\u00fablica no bairro Rocio mobilizou a Pol\u00edcia Militar por volta das\u00a002h30min desta quarta-feira (31). Ao chegar ao local, a equipe da R\u00e1dio Patrulha Auto (RPA) constatou que o ve\u00edculo havia impactado violentamente contra a estrutura. O condutor j\u00e1 se encontrava fora do [&hellip;]<\/p>\n","protected":false},"author":2,"featured_media":13676,"comment_status":"open","ping_status":"open","sticky":false,"template":"","format":"standard","meta":{"footnotes":""},"categories":[2],"tags":[172],"class_list":["post-45975","post","type-post","status-publish","format-standard","has-post-thumbnail","hentry","category-policial","tag-featured"],"amp_enabled":true,"_links":{"self":[{"href":"https:\/\/radiostudiow.com.br\/site\/wp-json\/wp\/v2\/posts\/45975","targetHints":{"allow":["GET"]}}],"collection":[{"href":"https:\/\/radiostudiow.com.br\/site\/wp-json\/wp\/v2\/posts"}],"about":[{"href":"https:\/\/radiostudiow.com.br\/site\/wp-json\/wp\/v2\/types\/post"}],"author":[{"embeddable":true,"href":"https:\/\/radiostudiow.com.br\/site\/wp-json\/wp\/v2\/users\/2"}],"replies":[{"embeddable":true,"href":"https:\/\/radiostudiow.com.br\/site\/wp-json\/wp\/v2\/comments?post=45975"}],"version-history":[{"count":2,"href":"https:\/\/radiostudiow.com.br\/site\/wp-json\/wp\/v2\/posts\/45975\/revisions"}],"predecessor-version":[{"id":45979,"href":"https:\/\/radiostudiow.com.br\/site\/wp-json\/wp\/v2\/posts\/45975\/revisions\/45979"}],"wp:featuredmedia":[{"embeddable":true,"href":"https:\/\/radiostudiow.com.br\/site\/wp-json\/wp\/v2\/media\/13676"}],"wp:attachment":[{"href":"https:\/\/radiostudiow.com.br\/site\/wp-json\/wp\/v2\/media?parent=45975"}],"wp:term":[{"taxonomy":"category","embeddable":true,"href":"https:\/\/radiostudiow.com.br\/site\/wp-json\/wp\/v2\/categories?post=45975"},{"taxonomy":"post_tag","embeddable":true,"href":"https:\/\/radiostudiow.com.br\/site\/wp-json\/wp\/v2\/tags?post=45975"}],"curies":[{"name":"wp","href":"https:\/\/api.w.org\/{rel}","templated":true}]}}