{"id":45977,"date":"2025-12-31T10:48:12","date_gmt":"2025-12-31T13:48:12","guid":{"rendered":"https:\/\/radiostudiow.com.br\/site\/?p=45977"},"modified":"2025-12-31T10:48:51","modified_gmt":"2025-12-31T13:48:51","slug":"rotam-atende-denuncia-de-abandono-de-incapaz-e-apreende-municoes-em-uniao-da-vitoria","status":"publish","type":"post","link":"https:\/\/radiostudiow.com.br\/site\/2025\/12\/31\/rotam-atende-denuncia-de-abandono-de-incapaz-e-apreende-municoes-em-uniao-da-vitoria\/","title":{"rendered":"ROTAM atende den\u00fancia de abandono de incapaz e apreende muni\u00e7\u00f5es em Uni\u00e3o da Vit\u00f3ria"},"content":{"rendered":"\n<figure class=\"wp-block-image size-full\"><img loading=\"lazy\" decoding=\"async\" width=\"897\" height=\"204\" src=\"https:\/\/radiostudiow.com.br\/site\/wp-content\/uploads\/2025\/02\/SITE-GRANDE7.png\" alt=\"\" class=\"wp-image-33861\" srcset=\"https:\/\/radiostudiow.com.br\/site\/wp-content\/uploads\/2025\/02\/SITE-GRANDE7.png 897w, https:\/\/radiostudiow.com.br\/site\/wp-content\/uploads\/2025\/02\/SITE-GRANDE7-300x68.png 300w, https:\/\/radiostudiow.com.br\/site\/wp-content\/uploads\/2025\/02\/SITE-GRANDE7-768x175.png 768w\" sizes=\"auto, (max-width: 897px) 100vw, 897px\" \/><\/figure>\n\n\n\n<p>Uma opera\u00e7\u00e3o da equipe ROTAM, da Pol\u00edcia Militar, resultou na apreens\u00e3o de muni\u00e7\u00f5es e acess\u00f3rios de uso restrito na tarde desta ter\u00e7a-feira, 30, no Loteamento Palmas em Uni\u00e3o da Vit\u00f3ria. A ocorr\u00eancia teve in\u00edcio ap\u00f3s uma den\u00fancia de\u00a0abandono de incapaz.<\/p>\n\n\n\n<h3 class=\"wp-block-heading\">Ocorr\u00eancia de Abandono<\/h3>\n\n\n\n<p>Por volta das 14h45min, os policiais deslocaram-se at\u00e9 o endere\u00e7o indicado para averiguar a situa\u00e7\u00e3o de\u00a0crian\u00e7as que estariam sozinhas.\u00a0No local, a equipe confirmou a presen\u00e7a de\u00a0dois menores, que relataram estar sem a supervis\u00e3o de adultos no momento da chegada da PM. O objetivo inicial da a\u00e7\u00e3o foi garantir a prote\u00e7\u00e3o e a integridade f\u00edsica das crian\u00e7as.<\/p>\n\n\n\n<p>Durante a averigua\u00e7\u00e3o no interior do im\u00f3vel para assegurar as condi\u00e7\u00f5es de seguran\u00e7a, os policiais visualizaram um objeto com caracter\u00edsticas de arma de fogo.\u00a0No decorrer da dilig\u00eancia, uma mulher respons\u00e1vel pelas crian\u00e7as compareceu \u00e0 resid\u00eancia e foi informada sobre a natureza da den\u00fancia.<\/p>\n\n\n\n<figure class=\"wp-block-image size-full\"><img loading=\"lazy\" decoding=\"async\" width=\"598\" height=\"204\" src=\"https:\/\/radiostudiow.com.br\/site\/wp-content\/uploads\/2025\/04\/BOROX.png\" alt=\"\" class=\"wp-image-37229\" srcset=\"https:\/\/radiostudiow.com.br\/site\/wp-content\/uploads\/2025\/04\/BOROX.png 598w, https:\/\/radiostudiow.com.br\/site\/wp-content\/uploads\/2025\/04\/BOROX-300x102.png 300w\" sizes=\"auto, (max-width: 598px) 100vw, 598px\" \/><\/figure>\n\n\n\n<p>Ao ser questionada sobre a presen\u00e7a de armamento, a respons\u00e1vel admitiu a exist\u00eancia de outros materiais relacionados. Com a autoriza\u00e7\u00e3o para buscas, a equipe localizou:<\/p>\n\n\n\n<p><strong>Muni\u00e7\u00f5es<\/strong>\u00a0(quantidades e calibres n\u00e3o detalhados no relat\u00f3rio preliminar). <strong>Acess\u00f3rios de uso restrito.<\/strong><\/p>\n\n\n\n<h3 class=\"wp-block-heading\">Procedimentos Legais<\/h3>\n\n\n\n<p>Todo o material foi apreendido e a mulher foi conduzida \u00e0 Delegacia de Pol\u00edcia Judici\u00e1ria para prestar esclarecimentos e responder pelos atos relacionados tanto ao abandono de incapaz quanto \u00e0 posse do material de uso restrito.\u00a0O Conselho Tutelar tamb\u00e9m deve ser cientificado sobre a situa\u00e7\u00e3o dos menores.<\/p>\n\n\n\n<p class=\"has-text-align-center\"><em>Fonte: 27\u00b0 BPM \/ Reda\u00e7\u00e3o atualizada: V.Vale<\/em><\/p>\n\n\n\n<p><\/p>\n","protected":false},"excerpt":{"rendered":"<p>Uma opera\u00e7\u00e3o da equipe ROTAM, da Pol\u00edcia Militar, resultou na apreens\u00e3o de muni\u00e7\u00f5es e acess\u00f3rios de uso restrito na tarde desta ter\u00e7a-feira, 30, no Loteamento Palmas em Uni\u00e3o da Vit\u00f3ria. A ocorr\u00eancia teve in\u00edcio ap\u00f3s uma den\u00fancia de\u00a0abandono de incapaz. Ocorr\u00eancia de Abandono Por volta das 14h45min, os policiais deslocaram-se at\u00e9 o endere\u00e7o indicado para [&hellip;]<\/p>\n","protected":false},"author":2,"featured_media":45981,"comment_status":"open","ping_status":"open","sticky":false,"template":"","format":"standard","meta":{"footnotes":""},"categories":[2],"tags":[172],"class_list":["post-45977","post","type-post","status-publish","format-standard","has-post-thumbnail","hentry","category-policial","tag-featured"],"amp_enabled":true,"_links":{"self":[{"href":"https:\/\/radiostudiow.com.br\/site\/wp-json\/wp\/v2\/posts\/45977","targetHints":{"allow":["GET"]}}],"collection":[{"href":"https:\/\/radiostudiow.com.br\/site\/wp-json\/wp\/v2\/posts"}],"about":[{"href":"https:\/\/radiostudiow.com.br\/site\/wp-json\/wp\/v2\/types\/post"}],"author":[{"embeddable":true,"href":"https:\/\/radiostudiow.com.br\/site\/wp-json\/wp\/v2\/users\/2"}],"replies":[{"embeddable":true,"href":"https:\/\/radiostudiow.com.br\/site\/wp-json\/wp\/v2\/comments?post=45977"}],"version-history":[{"count":2,"href":"https:\/\/radiostudiow.com.br\/site\/wp-json\/wp\/v2\/posts\/45977\/revisions"}],"predecessor-version":[{"id":45984,"href":"https:\/\/radiostudiow.com.br\/site\/wp-json\/wp\/v2\/posts\/45977\/revisions\/45984"}],"wp:featuredmedia":[{"embeddable":true,"href":"https:\/\/radiostudiow.com.br\/site\/wp-json\/wp\/v2\/media\/45981"}],"wp:attachment":[{"href":"https:\/\/radiostudiow.com.br\/site\/wp-json\/wp\/v2\/media?parent=45977"}],"wp:term":[{"taxonomy":"category","embeddable":true,"href":"https:\/\/radiostudiow.com.br\/site\/wp-json\/wp\/v2\/categories?post=45977"},{"taxonomy":"post_tag","embeddable":true,"href":"https:\/\/radiostudiow.com.br\/site\/wp-json\/wp\/v2\/tags?post=45977"}],"curies":[{"name":"wp","href":"https:\/\/api.w.org\/{rel}","templated":true}]}}