{"id":46008,"date":"2026-01-02T09:36:25","date_gmt":"2026-01-02T12:36:25","guid":{"rendered":"https:\/\/radiostudiow.com.br\/site\/?p=46008"},"modified":"2026-01-02T15:14:13","modified_gmt":"2026-01-02T18:14:13","slug":"homem-e-preso-por-ameacar-ex-companheira-com-arma-branca-em-sao-mateus-do-sul","status":"publish","type":"post","link":"https:\/\/radiostudiow.com.br\/site\/2026\/01\/02\/homem-e-preso-por-ameacar-ex-companheira-com-arma-branca-em-sao-mateus-do-sul\/","title":{"rendered":"Homem \u00e9 preso por amea\u00e7ar ex-companheira com arma branca em S\u00e3o Mateus do Sul"},"content":{"rendered":"\n<figure class=\"wp-block-image size-full\"><img loading=\"lazy\" decoding=\"async\" width=\"897\" height=\"204\" src=\"https:\/\/radiostudiow.com.br\/site\/wp-content\/uploads\/2025\/06\/BARROS.png\" alt=\"\" class=\"wp-image-39575\" srcset=\"https:\/\/radiostudiow.com.br\/site\/wp-content\/uploads\/2025\/06\/BARROS.png 897w, https:\/\/radiostudiow.com.br\/site\/wp-content\/uploads\/2025\/06\/BARROS-300x68.png 300w, https:\/\/radiostudiow.com.br\/site\/wp-content\/uploads\/2025\/06\/BARROS-768x175.png 768w\" sizes=\"auto, (max-width: 897px) 100vw, 897px\" \/><\/figure>\n\n\n\n<p>A Pol\u00edcia Militar de S\u00e3o Mateus do Sul foi acionada para atender a ocorr\u00eancia envolvendo amea\u00e7as de morte do ex-companheiro da v\u00edtima, que n\u00e3o aceitava o fim do relacionamento por volta das 13h20min de quinta-feira (1\u00ba).<\/p>\n\n\n\n<p>De acordo com as informa\u00e7\u00f5es repassadas \u00e0 equipe policial, o suspeito foi at\u00e9 a resid\u00eancia de familiares da mulher portando uma arma branca e passou a fazer amea\u00e7as de morte, apresentando comportamento agressivo. Apesar da gravidade da situa\u00e7\u00e3o, a v\u00edtima n\u00e3o sofreu agress\u00f5es f\u00edsicas nem ficou ferida.<\/p>\n\n\n\n<figure class=\"wp-block-image size-full\"><img loading=\"lazy\" decoding=\"async\" width=\"598\" height=\"204\" src=\"https:\/\/radiostudiow.com.br\/site\/wp-content\/uploads\/2025\/05\/POLAK.png\" alt=\"\" class=\"wp-image-37847\" srcset=\"https:\/\/radiostudiow.com.br\/site\/wp-content\/uploads\/2025\/05\/POLAK.png 598w, https:\/\/radiostudiow.com.br\/site\/wp-content\/uploads\/2025\/05\/POLAK-300x102.png 300w\" sizes=\"auto, (max-width: 598px) 100vw, 598px\" \/><\/figure>\n\n\n\n<p>Durante o epis\u00f3dio, um familiar interveio para conter o autor e evitar que as amea\u00e7as evolu\u00edssem para agress\u00f5es. Antes de fugir do local, o homem ainda afirmou que retornaria armado.<\/p>\n\n\n\n<p>Ap\u00f3s dilig\u00eancias, a pol\u00edcia localizou o suspeito em via p\u00fablica. Ele foi abordado, identificado e recebeu voz de pris\u00e3o, com todos os direitos legais assegurados. A arma branca utilizada na amea\u00e7a foi apreendida e encaminhada \u00e0 delegacia.<\/p>\n\n\n\n<p>O caso foi apresentado \u00e0 Pol\u00edcia Civil, que ficar\u00e1 respons\u00e1vel pelos procedimentos legais cab\u00edveis.<\/p>\n","protected":false},"excerpt":{"rendered":"<p>A Pol\u00edcia Militar de S\u00e3o Mateus do Sul foi acionada para atender a ocorr\u00eancia envolvendo amea\u00e7as de morte do ex-companheiro da v\u00edtima, que n\u00e3o aceitava o fim do relacionamento por volta das 13h20min de quinta-feira (1\u00ba). De acordo com as informa\u00e7\u00f5es repassadas \u00e0 equipe policial, o suspeito foi at\u00e9 a resid\u00eancia de familiares da mulher [&hellip;]<\/p>\n","protected":false},"author":2,"featured_media":2063,"comment_status":"open","ping_status":"open","sticky":false,"template":"","format":"standard","meta":{"footnotes":""},"categories":[2],"tags":[172],"class_list":["post-46008","post","type-post","status-publish","format-standard","has-post-thumbnail","hentry","category-policial","tag-featured"],"amp_enabled":true,"_links":{"self":[{"href":"https:\/\/radiostudiow.com.br\/site\/wp-json\/wp\/v2\/posts\/46008","targetHints":{"allow":["GET"]}}],"collection":[{"href":"https:\/\/radiostudiow.com.br\/site\/wp-json\/wp\/v2\/posts"}],"about":[{"href":"https:\/\/radiostudiow.com.br\/site\/wp-json\/wp\/v2\/types\/post"}],"author":[{"embeddable":true,"href":"https:\/\/radiostudiow.com.br\/site\/wp-json\/wp\/v2\/users\/2"}],"replies":[{"embeddable":true,"href":"https:\/\/radiostudiow.com.br\/site\/wp-json\/wp\/v2\/comments?post=46008"}],"version-history":[{"count":3,"href":"https:\/\/radiostudiow.com.br\/site\/wp-json\/wp\/v2\/posts\/46008\/revisions"}],"predecessor-version":[{"id":46031,"href":"https:\/\/radiostudiow.com.br\/site\/wp-json\/wp\/v2\/posts\/46008\/revisions\/46031"}],"wp:featuredmedia":[{"embeddable":true,"href":"https:\/\/radiostudiow.com.br\/site\/wp-json\/wp\/v2\/media\/2063"}],"wp:attachment":[{"href":"https:\/\/radiostudiow.com.br\/site\/wp-json\/wp\/v2\/media?parent=46008"}],"wp:term":[{"taxonomy":"category","embeddable":true,"href":"https:\/\/radiostudiow.com.br\/site\/wp-json\/wp\/v2\/categories?post=46008"},{"taxonomy":"post_tag","embeddable":true,"href":"https:\/\/radiostudiow.com.br\/site\/wp-json\/wp\/v2\/tags?post=46008"}],"curies":[{"name":"wp","href":"https:\/\/api.w.org\/{rel}","templated":true}]}}