{"id":46028,"date":"2026-01-02T15:16:41","date_gmt":"2026-01-02T18:16:41","guid":{"rendered":"https:\/\/radiostudiow.com.br\/site\/?p=46028"},"modified":"2026-01-02T15:16:42","modified_gmt":"2026-01-02T18:16:42","slug":"ipva-2026-no-parana-veja-o-calendario-de-pagamento","status":"publish","type":"post","link":"https:\/\/radiostudiow.com.br\/site\/2026\/01\/02\/ipva-2026-no-parana-veja-o-calendario-de-pagamento\/","title":{"rendered":"IPVA 2026 no Paran\u00e1: veja o calend\u00e1rio de pagamento"},"content":{"rendered":"\n<p>Os propriet\u00e1rios de ve\u00edculos no Paran\u00e1 j\u00e1 podem se organizar para o pagamento do\u00a0IPVA 2026, cujo calend\u00e1rio oficial foi definido pela Secretaria da Fazenda. Os vencimentos t\u00eam in\u00edcio no dia\u00a09 de janeiro\u00a0e seguem at\u00e9\u00a015 de janeiro, de acordo com o n\u00famero final da placa do ve\u00edculo.<\/p>\n\n\n\n<p>O contribuinte pode optar pelo pagamento em\u00a0cota \u00fanica, garantindo\u00a0desconto de 6%, ou pelo parcelamento em\u00a0cinco vezes, sem o abatimento. Em ambos os casos, a primeira data de vencimento \u00e9 a mesma.<\/p>\n\n\n\n<figure class=\"wp-block-gallery has-nested-images columns-default is-cropped wp-block-gallery-1 is-layout-flex wp-block-gallery-is-layout-flex\">\n<figure class=\"wp-block-image size-large\"><img loading=\"lazy\" decoding=\"async\" width=\"494\" height=\"285\" data-id=\"44763\" src=\"https:\/\/radiostudiow.com.br\/site\/wp-content\/uploads\/2025\/11\/sobanski-arte.jpg\" alt=\"\" class=\"wp-image-44763\" srcset=\"https:\/\/radiostudiow.com.br\/site\/wp-content\/uploads\/2025\/11\/sobanski-arte.jpg 494w, https:\/\/radiostudiow.com.br\/site\/wp-content\/uploads\/2025\/11\/sobanski-arte-300x173.jpg 300w\" sizes=\"auto, (max-width: 494px) 100vw, 494px\" \/><\/figure>\n\n\n\n<figure class=\"wp-block-image size-large\"><img loading=\"lazy\" decoding=\"async\" width=\"1024\" height=\"591\" data-id=\"42556\" src=\"https:\/\/radiostudiow.com.br\/site\/wp-content\/uploads\/2025\/09\/image-61.png\" alt=\"\" class=\"wp-image-42556\" srcset=\"https:\/\/radiostudiow.com.br\/site\/wp-content\/uploads\/2025\/09\/image-61.png 1024w, https:\/\/radiostudiow.com.br\/site\/wp-content\/uploads\/2025\/09\/image-61-300x173.png 300w, https:\/\/radiostudiow.com.br\/site\/wp-content\/uploads\/2025\/09\/image-61-768x443.png 768w\" sizes=\"auto, (max-width: 1024px) 100vw, 1024px\" \/><\/figure>\n<\/figure>\n\n\n\n<h3 class=\"wp-block-heading\">Datas para pagamento \u00e0 vista com desconto<\/h3>\n\n\n\n<ul class=\"wp-block-list\">\n<li><strong>Finais 1 e 2:<\/strong>&nbsp;9 de janeiro<\/li>\n\n\n\n<li><strong>Finais 3 e 4:<\/strong>&nbsp;12 de janeiro<\/li>\n\n\n\n<li><strong>Finais 5 e 6:<\/strong>&nbsp;13 de janeiro<\/li>\n\n\n\n<li><strong>Finais 7 e 8:<\/strong>&nbsp;14 de janeiro<\/li>\n\n\n\n<li><strong>Finais 9 e 0:<\/strong>&nbsp;15 de janeiro<\/li>\n<\/ul>\n\n\n\n<h3 class=\"wp-block-heading\">Parcelamento em cinco vezes<\/h3>\n\n\n\n<ul class=\"wp-block-list\">\n<li><strong>Placas 1 e 2:<\/strong>&nbsp;09\/01, 09\/02, 09\/03, 09\/04 e 11\/05<\/li>\n\n\n\n<li><strong>Placas 3 e 4:<\/strong>&nbsp;12\/01, 10\/02, 10\/03, 10\/04 e 12\/05<\/li>\n\n\n\n<li><strong>Placas 5 e 6:<\/strong>&nbsp;13\/01, 11\/02, 11\/03, 13\/04 e 13\/05<\/li>\n\n\n\n<li><strong>Placas 7 e 8:<\/strong>&nbsp;14\/01, 12\/02, 12\/03, 14\/04 e 14\/05<\/li>\n\n\n\n<li><strong>Placas 9 e 0:<\/strong>&nbsp;15\/01, 13\/02, 13\/03, 15\/04 e 15\/05<\/li>\n<\/ul>\n\n\n\n<p>Para 2026, o IPVA passou a ter\u00a0al\u00edquota de 1,9%, aplicada sobre o valor venal dos ve\u00edculos, o que resultou em uma\u00a0redu\u00e7\u00e3o m\u00e9dia de 45,7%\u00a0no imposto em rela\u00e7\u00e3o ao ano anterior. A taxa vale para autom\u00f3veis, motocicletas acima de 170 cilindradas, caminhonetes, utilit\u00e1rios, motorhomes, triciclos, quadriciclos e caminh\u00f5es-tratores.<\/p>\n\n\n\n<figure class=\"wp-block-image size-full\"><img loading=\"lazy\" decoding=\"async\" width=\"731\" height=\"204\" src=\"https:\/\/radiostudiow.com.br\/site\/wp-content\/uploads\/2025\/10\/ZAIONS.png\" alt=\"\" class=\"wp-image-44147\" srcset=\"https:\/\/radiostudiow.com.br\/site\/wp-content\/uploads\/2025\/10\/ZAIONS.png 731w, https:\/\/radiostudiow.com.br\/site\/wp-content\/uploads\/2025\/10\/ZAIONS-300x84.png 300w\" sizes=\"auto, (max-width: 731px) 100vw, 731px\" \/><\/figure>\n\n\n\n<h3 class=\"wp-block-heading\">Emiss\u00e3o das guias<\/h3>\n\n\n\n<p>As guias de pagamento n\u00e3o s\u00e3o enviadas pelos Correios. O documento deve ser emitido pelo\u00a0Portal do IPVA, pelo\u00a0Portal de Pagamento de Tributos\u00a0ou pelo aplicativo\u00a0Servi\u00e7os R\u00e1pidos, da Receita Estadual. O imposto pode ser quitado via\u00a0Pix, utilizando o QR Code da guia, ou por\u00a0cart\u00e3o de cr\u00e9dito, com possibilidade de parcelamento em at\u00e9 12 vezes, conforme as regras da operadora.<\/p>\n\n\n\n<p>A Secretaria da Fazenda refor\u00e7a o alerta para que os contribuintes utilizem apenas\u00a0sites oficiais, com final \u201c.pr.gov.br\u201d, evitando golpes relacionados \u00e0 cobran\u00e7a do imposto.<\/p>\n","protected":false},"excerpt":{"rendered":"<p>Os propriet\u00e1rios de ve\u00edculos no Paran\u00e1 j\u00e1 podem se organizar para o pagamento do\u00a0IPVA 2026, cujo calend\u00e1rio oficial foi definido pela Secretaria da Fazenda. Os vencimentos t\u00eam in\u00edcio no dia\u00a09 de janeiro\u00a0e seguem at\u00e9\u00a015 de janeiro, de acordo com o n\u00famero final da placa do ve\u00edculo. O contribuinte pode optar pelo pagamento em\u00a0cota \u00fanica, garantindo\u00a0desconto [&hellip;]<\/p>\n","protected":false},"author":2,"featured_media":34730,"comment_status":"open","ping_status":"open","sticky":false,"template":"","format":"standard","meta":{"footnotes":""},"categories":[7],"tags":[172],"class_list":["post-46028","post","type-post","status-publish","format-standard","has-post-thumbnail","hentry","category-geral","tag-featured"],"amp_enabled":true,"_links":{"self":[{"href":"https:\/\/radiostudiow.com.br\/site\/wp-json\/wp\/v2\/posts\/46028","targetHints":{"allow":["GET"]}}],"collection":[{"href":"https:\/\/radiostudiow.com.br\/site\/wp-json\/wp\/v2\/posts"}],"about":[{"href":"https:\/\/radiostudiow.com.br\/site\/wp-json\/wp\/v2\/types\/post"}],"author":[{"embeddable":true,"href":"https:\/\/radiostudiow.com.br\/site\/wp-json\/wp\/v2\/users\/2"}],"replies":[{"embeddable":true,"href":"https:\/\/radiostudiow.com.br\/site\/wp-json\/wp\/v2\/comments?post=46028"}],"version-history":[{"count":2,"href":"https:\/\/radiostudiow.com.br\/site\/wp-json\/wp\/v2\/posts\/46028\/revisions"}],"predecessor-version":[{"id":46032,"href":"https:\/\/radiostudiow.com.br\/site\/wp-json\/wp\/v2\/posts\/46028\/revisions\/46032"}],"wp:featuredmedia":[{"embeddable":true,"href":"https:\/\/radiostudiow.com.br\/site\/wp-json\/wp\/v2\/media\/34730"}],"wp:attachment":[{"href":"https:\/\/radiostudiow.com.br\/site\/wp-json\/wp\/v2\/media?parent=46028"}],"wp:term":[{"taxonomy":"category","embeddable":true,"href":"https:\/\/radiostudiow.com.br\/site\/wp-json\/wp\/v2\/categories?post=46028"},{"taxonomy":"post_tag","embeddable":true,"href":"https:\/\/radiostudiow.com.br\/site\/wp-json\/wp\/v2\/tags?post=46028"}],"curies":[{"name":"wp","href":"https:\/\/api.w.org\/{rel}","templated":true}]}}