{"id":46035,"date":"2026-01-02T15:57:58","date_gmt":"2026-01-02T18:57:58","guid":{"rendered":"https:\/\/radiostudiow.com.br\/site\/?p=46035"},"modified":"2026-01-02T15:57:59","modified_gmt":"2026-01-02T18:57:59","slug":"pcpr-prende-servidor-publico-de-irati-por-apologia-ao-nazismo","status":"publish","type":"post","link":"https:\/\/radiostudiow.com.br\/site\/2026\/01\/02\/pcpr-prende-servidor-publico-de-irati-por-apologia-ao-nazismo\/","title":{"rendered":"PCPR prende servidor p\u00fablico de Irati por apologia ao nazismo"},"content":{"rendered":"\n<p>Na tarde de quarta-feira (31\/12), a Pol\u00edcia Civil do Paran\u00e1 (PCPR), por meio da 41\u00aa Delegacia Regional de Pol\u00edcia Civil de Irati, com apoio do T\u00e1tico Integrado de Grupos de Repress\u00e3o Especial (TIGRE), cumpriu mandado de pris\u00e3o preventiva contra um homem de 40 anos, servidor p\u00fablico de Irati, pelos crimes de apologia ao nazismo, amea\u00e7a de atentado e veicula\u00e7\u00e3o de s\u00edmbolos nazistas em redes sociais. A pris\u00e3o foi realizada na regi\u00e3o central de Curitiba.<\/p>\n\n\n\n<figure class=\"wp-block-image size-large\"><img loading=\"lazy\" decoding=\"async\" width=\"1024\" height=\"335\" src=\"https:\/\/radiostudiow.com.br\/site\/wp-content\/uploads\/2025\/12\/novo-Rodape-1024x335.png\" alt=\"\" class=\"wp-image-45379\" srcset=\"https:\/\/radiostudiow.com.br\/site\/wp-content\/uploads\/2025\/12\/novo-Rodape-1024x335.png 1024w, https:\/\/radiostudiow.com.br\/site\/wp-content\/uploads\/2025\/12\/novo-Rodape-300x98.png 300w, https:\/\/radiostudiow.com.br\/site\/wp-content\/uploads\/2025\/12\/novo-Rodape-768x251.png 768w, https:\/\/radiostudiow.com.br\/site\/wp-content\/uploads\/2025\/12\/novo-Rodape-1536x503.png 1536w, https:\/\/radiostudiow.com.br\/site\/wp-content\/uploads\/2025\/12\/novo-Rodape-2048x670.png 2048w\" sizes=\"auto, (max-width: 1024px) 100vw, 1024px\" \/><\/figure>\n\n\n\n<p>A investiga\u00e7\u00e3o teve in\u00edcio ap\u00f3s a 41\u00aa DRPC de Irati receber den\u00fancias an\u00f4nimas informando que o investigado, servidor p\u00fablico vinculado a uma institui\u00e7\u00e3o federal de ensino localizada em Irati, estaria promovendo publica\u00e7\u00f5es de cunho nazista em perfis do Instagram e por meio de aplicativos de mensagens.<\/p>\n\n\n\n<p>Segundo a Pol\u00edcia Civil, nas postagens o homem fazia uso da cruz su\u00e1stica acompanhada de express\u00f5es de sauda\u00e7\u00e3o nazista, al\u00e9m de frases de amea\u00e7a, como \u201cVem muita desgra\u00e7a e morte para todos hahaha\u201d, o que gerou preocupa\u00e7\u00e3o das autoridades.<\/p>\n\n\n\n<p>Em consulta aos sistemas policiais e judiciais, constatou-se que o noticiado \u00e9 reincidente nesse tipo de conduta, possuindo condena\u00e7\u00e3o recente proferida pela 1\u00aa Vara Federal de Rio Grande (RS) por fatos semelhantes.<\/p>\n\n\n\n<figure class=\"wp-block-gallery has-nested-images columns-default is-cropped wp-block-gallery-1 is-layout-flex wp-block-gallery-is-layout-flex\">\n<figure class=\"wp-block-image size-large\"><img loading=\"lazy\" decoding=\"async\" width=\"1024\" height=\"614\" data-id=\"45321\" src=\"https:\/\/radiostudiow.com.br\/site\/wp-content\/uploads\/2025\/12\/SITES-PEQUENO-GRANDE-1024x614.png\" alt=\"\" class=\"wp-image-45321\" srcset=\"https:\/\/radiostudiow.com.br\/site\/wp-content\/uploads\/2025\/12\/SITES-PEQUENO-GRANDE-1024x614.png 1024w, https:\/\/radiostudiow.com.br\/site\/wp-content\/uploads\/2025\/12\/SITES-PEQUENO-GRANDE-300x180.png 300w, https:\/\/radiostudiow.com.br\/site\/wp-content\/uploads\/2025\/12\/SITES-PEQUENO-GRANDE-768x461.png 768w, https:\/\/radiostudiow.com.br\/site\/wp-content\/uploads\/2025\/12\/SITES-PEQUENO-GRANDE-1536x921.png 1536w, https:\/\/radiostudiow.com.br\/site\/wp-content\/uploads\/2025\/12\/SITES-PEQUENO-GRANDE-1000x600.png 1000w, https:\/\/radiostudiow.com.br\/site\/wp-content\/uploads\/2025\/12\/SITES-PEQUENO-GRANDE-590x354.png 590w, https:\/\/radiostudiow.com.br\/site\/wp-content\/uploads\/2025\/12\/SITES-PEQUENO-GRANDE-400x240.png 400w, https:\/\/radiostudiow.com.br\/site\/wp-content\/uploads\/2025\/12\/SITES-PEQUENO-GRANDE.png 1672w\" sizes=\"auto, (max-width: 1024px) 100vw, 1024px\" \/><\/figure>\n\n\n\n<figure class=\"wp-block-image size-large\"><img loading=\"lazy\" decoding=\"async\" width=\"300\" height=\"180\" data-id=\"39582\" src=\"https:\/\/radiostudiow.com.br\/site\/wp-content\/uploads\/2025\/06\/PLAY-HALL.png\" alt=\"\" class=\"wp-image-39582\"\/><\/figure>\n<\/figure>\n\n\n\n<p>Diante da gravidade dos fatos e da reitera\u00e7\u00e3o criminosa, a autoridade policial representou pela pris\u00e3o preventiva do investigado. Durante as dilig\u00eancias, foi identificado que o alvo encontrava-se na capital do Estado. Com apoio operacional do TIGRE, o homem foi localizado e detido no centro de Curitiba.<\/p>\n\n\n\n<p>O preso foi encaminhado \u00e0 Cadeia P\u00fablica de Curitiba, onde permanece \u00e0 disposi\u00e7\u00e3o da Justi\u00e7a.<\/p>\n\n\n\n<p>A Pol\u00edcia Civil do Paran\u00e1 refor\u00e7a o compromisso no combate aos crimes de \u00f3dio e intoler\u00e2ncia e solicita a colabora\u00e7\u00e3o da popula\u00e7\u00e3o. Den\u00fancias podem ser feitas de forma an\u00f4nima pelos telefones 197 (Pol\u00edcia Civil) e 181 (Disque-Den\u00fancia).<\/p>\n\n\n\n<p class=\"has-text-align-center\"><em>Informa\u00e7\u00f5es e imagem: Pol\u00edcia Civil de Irati\/ Mat\u00e9ria: Rep\u00f3rter Kiko de Oliveira<\/em><\/p>\n","protected":false},"excerpt":{"rendered":"<p>Na tarde de quarta-feira (31\/12), a Pol\u00edcia Civil do Paran\u00e1 (PCPR), por meio da 41\u00aa Delegacia Regional de Pol\u00edcia Civil de Irati, com apoio do T\u00e1tico Integrado de Grupos de Repress\u00e3o Especial (TIGRE), cumpriu mandado de pris\u00e3o preventiva contra um homem de 40 anos, servidor p\u00fablico de Irati, pelos crimes de apologia ao nazismo, amea\u00e7a [&hellip;]<\/p>\n","protected":false},"author":2,"featured_media":46036,"comment_status":"open","ping_status":"open","sticky":false,"template":"","format":"standard","meta":{"footnotes":""},"categories":[2],"tags":[172],"class_list":["post-46035","post","type-post","status-publish","format-standard","has-post-thumbnail","hentry","category-policial","tag-featured"],"amp_enabled":true,"_links":{"self":[{"href":"https:\/\/radiostudiow.com.br\/site\/wp-json\/wp\/v2\/posts\/46035","targetHints":{"allow":["GET"]}}],"collection":[{"href":"https:\/\/radiostudiow.com.br\/site\/wp-json\/wp\/v2\/posts"}],"about":[{"href":"https:\/\/radiostudiow.com.br\/site\/wp-json\/wp\/v2\/types\/post"}],"author":[{"embeddable":true,"href":"https:\/\/radiostudiow.com.br\/site\/wp-json\/wp\/v2\/users\/2"}],"replies":[{"embeddable":true,"href":"https:\/\/radiostudiow.com.br\/site\/wp-json\/wp\/v2\/comments?post=46035"}],"version-history":[{"count":1,"href":"https:\/\/radiostudiow.com.br\/site\/wp-json\/wp\/v2\/posts\/46035\/revisions"}],"predecessor-version":[{"id":46037,"href":"https:\/\/radiostudiow.com.br\/site\/wp-json\/wp\/v2\/posts\/46035\/revisions\/46037"}],"wp:featuredmedia":[{"embeddable":true,"href":"https:\/\/radiostudiow.com.br\/site\/wp-json\/wp\/v2\/media\/46036"}],"wp:attachment":[{"href":"https:\/\/radiostudiow.com.br\/site\/wp-json\/wp\/v2\/media?parent=46035"}],"wp:term":[{"taxonomy":"category","embeddable":true,"href":"https:\/\/radiostudiow.com.br\/site\/wp-json\/wp\/v2\/categories?post=46035"},{"taxonomy":"post_tag","embeddable":true,"href":"https:\/\/radiostudiow.com.br\/site\/wp-json\/wp\/v2\/tags?post=46035"}],"curies":[{"name":"wp","href":"https:\/\/api.w.org\/{rel}","templated":true}]}}